{"id":86086,"date":"2025-06-18T05:53:23","date_gmt":"2025-06-18T11:53:23","guid":{"rendered":"https:\/\/elinformante.mx\/?p=86086"},"modified":"2025-06-18T05:53:26","modified_gmt":"2025-06-18T11:53:26","slug":"fueron-detenidas-tres-personas-por-delito-de-portacion-de-armas-prohibidas","status":"publish","type":"post","link":"https:\/\/elinformante.mx\/?p=86086","title":{"rendered":"Fueron detenidas tres personas por delito de portaci\u00f3n de armas prohibidas"},"content":{"rendered":"\n<figure class=\"wp-block-pullquote\"><blockquote><p>Fueron presentados ante la Agencia del Ministerio P\u00fablico.<\/p><\/blockquote><\/figure>\n\n\n\n<p class=\"has-drop-cap\">Elementos de la SSEM, detuvieron a tres personas, entre ellas un menor de edad probables implicadas en los delitos de portaci\u00f3n de armas prohibidas y contra la salud.<br><\/p>\n\n\n\n<p>Los elementos realizaban patrullajes de vigilancia, cuando divisaron en la esquina con Avenida Cuitl\u00e1huac, en la colonia de San Miguel Xico III Secci\u00f3n una motocicleta marca Italika, color negro con rojo, tripulada por tres personas. El conductor al notar la presencia policiaca actu\u00f3 de manera evasiva.<br><\/p>\n\n\n\n<p>Los polic\u00edas le dieron alcance y les ordenaron se detuvieran para llevar a cabo una revisi\u00f3n, y al consultar la informaci\u00f3n al C5 la unidad no contaba con reporte de robo.<br><\/p>\n\n\n\n<figure class=\"wp-block-image size-large\"><img fetchpriority=\"high\" decoding=\"async\" width=\"1024\" height=\"506\" src=\"https:\/\/elinformante.mx\/wp-content\/uploads\/2025\/06\/13fueron-2-1024x506.jpeg\" alt=\"\" class=\"wp-image-86087\" srcset=\"https:\/\/elinformante.mx\/wp-content\/uploads\/2025\/06\/13fueron-2-1024x506.jpeg 1024w, https:\/\/elinformante.mx\/wp-content\/uploads\/2025\/06\/13fueron-2-300x148.jpeg 300w, https:\/\/elinformante.mx\/wp-content\/uploads\/2025\/06\/13fueron-2-768x379.jpeg 768w, https:\/\/elinformante.mx\/wp-content\/uploads\/2025\/06\/13fueron-2.jpeg 1140w\" sizes=\"(max-width: 1024px) 100vw, 1024px\" \/><\/figure>\n\n\n\n<p>Los oficiales siguieron con la revisi\u00f3n y localizaron entre sus pertenencias dos mochilas tipo mariconera, una bolsa de mano, adem\u00e1s de 50 bolsas de pl\u00e1stico transparente, con cierre herm\u00e9tico, que en su interior conten\u00edan hierba verde y seca con caracter\u00edsticas propias de la marihuana; una r\u00e9plica de pistola, una navaja plegable color tornasol, de un solo filo, de aproximadamente 20 cent\u00edmetros de largo y una b\u00e1scula digital gramera de bolsillo, color negro, de la marca Diyife.<br><\/p>\n\n\n\n<p>Tras los hallazgos se detuvieron a Ricardo \u201cN\u201d, Graciela \u201cN\u201d y un menor de edad, inform\u00e1ndoles que estaban en posesi\u00f3n de sustancias prohibidas es constitutivo de un delito.<br><\/p>\n\n\n\n<p>Los detenidos, junto con los indicios asegurados, fueron presentados ante la Agencia del Ministerio P\u00fablico, donde se inici\u00f3 la carpeta de investigaci\u00f3n a fin de determinar su situaci\u00f3n jur\u00eddica.<\/p>\n","protected":false},"excerpt":{"rendered":"<p>Fueron presentados ante la Agencia del Ministerio P\u00fablico. Elementos de la SSEM, detuvieron a tres personas, entre ellas un menor de edad probables implicadas en los delitos de portaci\u00f3n de armas prohibidas y contra la salud. Los elementos realizaban patrullajes de vigilancia, cuando divisaron en la esquina con Avenida Cuitl\u00e1huac, en la colonia de San [&hellip;]<\/p>\n","protected":false},"author":1,"featured_media":86088,"comment_status":"closed","ping_status":"closed","sticky":false,"template":"","format":"standard","meta":{"footnotes":""},"categories":[36,37],"tags":[],"class_list":["post-86086","post","type-post","status-publish","format-standard","has-post-thumbnail","hentry","category-edomex","category-justicia"],"_links":{"self":[{"href":"https:\/\/elinformante.mx\/index.php?rest_route=\/wp\/v2\/posts\/86086","targetHints":{"allow":["GET"]}}],"collection":[{"href":"https:\/\/elinformante.mx\/index.php?rest_route=\/wp\/v2\/posts"}],"about":[{"href":"https:\/\/elinformante.mx\/index.php?rest_route=\/wp\/v2\/types\/post"}],"author":[{"embeddable":true,"href":"https:\/\/elinformante.mx\/index.php?rest_route=\/wp\/v2\/users\/1"}],"replies":[{"embeddable":true,"href":"https:\/\/elinformante.mx\/index.php?rest_route=%2Fwp%2Fv2%2Fcomments&post=86086"}],"version-history":[{"count":0,"href":"https:\/\/elinformante.mx\/index.php?rest_route=\/wp\/v2\/posts\/86086\/revisions"}],"wp:featuredmedia":[{"embeddable":true,"href":"https:\/\/elinformante.mx\/index.php?rest_route=\/wp\/v2\/media\/86088"}],"wp:attachment":[{"href":"https:\/\/elinformante.mx\/index.php?rest_route=%2Fwp%2Fv2%2Fmedia&parent=86086"}],"wp:term":[{"taxonomy":"category","embeddable":true,"href":"https:\/\/elinformante.mx\/index.php?rest_route=%2Fwp%2Fv2%2Fcategories&post=86086"},{"taxonomy":"post_tag","embeddable":true,"href":"https:\/\/elinformante.mx\/index.php?rest_route=%2Fwp%2Fv2%2Ftags&post=86086"}],"curies":[{"name":"wp","href":"https:\/\/api.w.org\/{rel}","templated":true}]}}