{"id":86097,"date":"2025-06-18T05:58:56","date_gmt":"2025-06-18T11:58:56","guid":{"rendered":"https:\/\/elinformante.mx\/?p=86097"},"modified":"2025-06-18T05:58:59","modified_gmt":"2025-06-18T11:58:59","slug":"adolfo-solis-y-el-inea-se-unen-para-combatir-el-analfabetismo-en-almoloya-de-juarez","status":"publish","type":"post","link":"https:\/\/elinformante.mx\/?p=86097","title":{"rendered":"Adolfo Sol\u00eds y el INEA se unen para combatir el analfabetismo en Almoloya de Ju\u00e1rez"},"content":{"rendered":"\n<figure class=\"wp-block-pullquote\"><blockquote><p>Mencion\u00f3 que es muy importante para el municipio que la poblaci\u00f3n establezca l\u00edneas de acci\u00f3n que les permita sumarse a la Estrategia Nacional para la Alfabetizaci\u00f3n<\/p><\/blockquote><\/figure>\n\n\n\n<p class=\"has-drop-cap\">En el municipio de Almoloya de Ju\u00e1rez, el presidente municipal Adolfo Sol\u00eds junto con su cabildo, se reunieron con Juan Carlos Santiago Pimentel, titular de la Unidad de Operaci\u00f3n del INEA en el Estado de M\u00e9xico.<br><\/p>\n\n\n\n<p>Durante la reuni\u00f3n se firm\u00f3 un convenio con el INEA para lograr que m\u00e1s j\u00f3venes y adultos puedan estudiar cerca de casa, acercando programas de alfabetizaci\u00f3n.<br><\/p>\n\n\n\n<figure class=\"wp-block-image size-large\"><img fetchpriority=\"high\" decoding=\"async\" width=\"1024\" height=\"506\" src=\"https:\/\/elinformante.mx\/wp-content\/uploads\/2025\/06\/12adolfo-2-1024x506.jpg\" alt=\"\" class=\"wp-image-86099\" srcset=\"https:\/\/elinformante.mx\/wp-content\/uploads\/2025\/06\/12adolfo-2-1024x506.jpg 1024w, https:\/\/elinformante.mx\/wp-content\/uploads\/2025\/06\/12adolfo-2-300x148.jpg 300w, https:\/\/elinformante.mx\/wp-content\/uploads\/2025\/06\/12adolfo-2-768x379.jpg 768w, https:\/\/elinformante.mx\/wp-content\/uploads\/2025\/06\/12adolfo-2.jpg 1140w\" sizes=\"(max-width: 1024px) 100vw, 1024px\" \/><\/figure>\n\n\n\n<p>Sol\u00eds mencion\u00f3 que es muy importante para el municipio que la poblaci\u00f3n establezca l\u00edneas de acci\u00f3n que les permita sumarse a la Estrategia Nacional para la Alfabetizaci\u00f3n, impulsada por la presidenta de la Rep\u00fablica, Claudia Sheinbaum Pardo<br><\/p>\n\n\n\n<p>Y se\u00f1al\u00f3 que la Educaci\u00f3n, en estos tiempos, se convierte en un acto de valor, adem\u00e1s hizo un llamado a sumar esfuerzos en favor de quienes m\u00e1s lo necesitan, recordando que, en educaci\u00f3n, primero los pobres<br><\/p>\n\n\n\n<figure class=\"wp-block-image size-large\"><img decoding=\"async\" width=\"1024\" height=\"506\" src=\"https:\/\/elinformante.mx\/wp-content\/uploads\/2025\/06\/12adolfo-1024x506.jpg\" alt=\"\" class=\"wp-image-86100\" srcset=\"https:\/\/elinformante.mx\/wp-content\/uploads\/2025\/06\/12adolfo-1024x506.jpg 1024w, https:\/\/elinformante.mx\/wp-content\/uploads\/2025\/06\/12adolfo-300x148.jpg 300w, https:\/\/elinformante.mx\/wp-content\/uploads\/2025\/06\/12adolfo-768x379.jpg 768w, https:\/\/elinformante.mx\/wp-content\/uploads\/2025\/06\/12adolfo.jpg 1140w\" sizes=\"(max-width: 1024px) 100vw, 1024px\" \/><\/figure>\n\n\n\n<p>Tambi\u00e9n se\u00f1al\u00f3 que se instal\u00f3 el Consejo de Biodiversidad y Desarrollo Sostenible, en esta reuni\u00f3n se tom\u00f3 protesta a las nuevas autoridades auxiliares de San Francisco Tlalcilalcalpan y San Lorenzo Cuauhtenco.<br><\/p>\n\n\n\n<p>Adolfo Sol\u00eds se\u00f1al\u00f3 que en Almoloya de Ju\u00e1rez se construye un gobierno que escucha, act\u00faa y da resultados.<\/p>\n\n\n\n<p><\/p>\n","protected":false},"excerpt":{"rendered":"<p>Mencion\u00f3 que es muy importante para el municipio que la poblaci\u00f3n establezca l\u00edneas de acci\u00f3n que les permita sumarse a la Estrategia Nacional para la Alfabetizaci\u00f3n En el municipio de Almoloya de Ju\u00e1rez, el presidente municipal Adolfo Sol\u00eds junto con su cabildo, se reunieron con Juan Carlos Santiago Pimentel, titular de la Unidad de Operaci\u00f3n [&hellip;]<\/p>\n","protected":false},"author":1,"featured_media":86098,"comment_status":"closed","ping_status":"closed","sticky":false,"template":"","format":"standard","meta":{"footnotes":""},"categories":[30,36],"tags":[],"class_list":["post-86097","post","type-post","status-publish","format-standard","has-post-thumbnail","hentry","category-destacado","category-edomex"],"_links":{"self":[{"href":"https:\/\/elinformante.mx\/index.php?rest_route=\/wp\/v2\/posts\/86097","targetHints":{"allow":["GET"]}}],"collection":[{"href":"https:\/\/elinformante.mx\/index.php?rest_route=\/wp\/v2\/posts"}],"about":[{"href":"https:\/\/elinformante.mx\/index.php?rest_route=\/wp\/v2\/types\/post"}],"author":[{"embeddable":true,"href":"https:\/\/elinformante.mx\/index.php?rest_route=\/wp\/v2\/users\/1"}],"replies":[{"embeddable":true,"href":"https:\/\/elinformante.mx\/index.php?rest_route=%2Fwp%2Fv2%2Fcomments&post=86097"}],"version-history":[{"count":0,"href":"https:\/\/elinformante.mx\/index.php?rest_route=\/wp\/v2\/posts\/86097\/revisions"}],"wp:featuredmedia":[{"embeddable":true,"href":"https:\/\/elinformante.mx\/index.php?rest_route=\/wp\/v2\/media\/86098"}],"wp:attachment":[{"href":"https:\/\/elinformante.mx\/index.php?rest_route=%2Fwp%2Fv2%2Fmedia&parent=86097"}],"wp:term":[{"taxonomy":"category","embeddable":true,"href":"https:\/\/elinformante.mx\/index.php?rest_route=%2Fwp%2Fv2%2Fcategories&post=86097"},{"taxonomy":"post_tag","embeddable":true,"href":"https:\/\/elinformante.mx\/index.php?rest_route=%2Fwp%2Fv2%2Ftags&post=86097"}],"curies":[{"name":"wp","href":"https:\/\/api.w.org\/{rel}","templated":true}]}}