{"id":86105,"date":"2025-06-18T06:14:23","date_gmt":"2025-06-18T12:14:23","guid":{"rendered":"https:\/\/elinformante.mx\/?p=86105"},"modified":"2025-06-18T06:14:26","modified_gmt":"2025-06-18T12:14:26","slug":"en-lerma-se-trabaja-en-que-el-plan-de-obra-publica-2025-sea-un-exito-ramirez-ponce","status":"publish","type":"post","link":"https:\/\/elinformante.mx\/?p=86105","title":{"rendered":"En Lerma se trabaja en que el Plan de Obra P\u00fablica 2025 sea un \u00e9xito: Ram\u00edrez Ponce"},"content":{"rendered":"\n<figure class=\"wp-block-pullquote\"><blockquote><p>Tambi\u00e9n tuvo reuni\u00f3n con algunos ciudadanos, que est\u00e1n buscando impulsar el turismo y la cultura en el municipio.<\/p><\/blockquote><\/figure>\n\n\n\n<p class=\"has-drop-cap\">El presidente municipal de Lerma, Miguel \u00c1ngel Ram\u00edrez Ponce, se reuni\u00f3 con su cabildo para coordinar labores en materia financiera y administrativa, esperan lograr que el Plan de Obra P\u00fablica 2025 se pueda traducir en importantes acciones a lo largo y ancho del municipio.<br><\/p>\n\n\n\n<p>Refiri\u00f3 que para lograr que las acciones sean correctas se contar\u00e1 con el apoyo t\u00e9cnico y profesional de la Direcci\u00f3n de Obras P\u00fablicas del Ayuntamiento de Lerma.<br><\/p>\n\n\n\n<p>Tambi\u00e9n tuvo reuni\u00f3n con algunos ciudadanos, que est\u00e1n buscando impulsar el turismo y la cultura en el municipio, mediante varios programas, que ser\u00e1n revisados.<br><\/p>\n\n\n\n<figure class=\"wp-block-image size-large\"><img fetchpriority=\"high\" decoding=\"async\" width=\"1024\" height=\"506\" src=\"https:\/\/elinformante.mx\/wp-content\/uploads\/2025\/06\/11LERMA-3-1-1024x506.jpg\" alt=\"\" class=\"wp-image-86107\" srcset=\"https:\/\/elinformante.mx\/wp-content\/uploads\/2025\/06\/11LERMA-3-1-1024x506.jpg 1024w, https:\/\/elinformante.mx\/wp-content\/uploads\/2025\/06\/11LERMA-3-1-300x148.jpg 300w, https:\/\/elinformante.mx\/wp-content\/uploads\/2025\/06\/11LERMA-3-1-768x379.jpg 768w, https:\/\/elinformante.mx\/wp-content\/uploads\/2025\/06\/11LERMA-3-1.jpg 1140w\" sizes=\"(max-width: 1024px) 100vw, 1024px\" \/><\/figure>\n\n\n\n<p>Ram\u00edrez Ponce coment\u00f3 que mediante estas reuniones con varios sectores del gobierno se trabaja para fortalecer la identidad de nuestras comunidades, se\u00f1alo al reunirse con la Direcci\u00f3n de Planeaci\u00f3n Terrritorial; tambi\u00e9n mencion\u00f3 que se fortalecer\u00e1 la comunicaci\u00f3n con representantes de distintas unidades econ\u00f3micas de producci\u00f3n y prestadores de servicios en Lerma.<br><\/p>\n\n\n\n<p>Durante la jornada de reuniones estuvo junto a los j\u00f3venes lermenses que forman el cabildo Juvenil del municipio, este es un ejercicio que se realiz\u00f3 con estudiantes de la UAM, en coordinaci\u00f3n con adolescentes interesados en la materia, su objetivo es el de ampliar los conocimientos pr\u00e1cticos en torno a la importancia del Cabildo como \u00f3rgano colegiado de nuestro municipio.<br><\/p>\n\n\n\n<p>Y reafirm\u00f3 que este trabajo lo seguir\u00e1n realizando con firmeza y convicci\u00f3n de lograr que el municipio sea un lugar m\u00e1s productivo, porque Lerma somos todos.<\/p>\n","protected":false},"excerpt":{"rendered":"<p>Tambi\u00e9n tuvo reuni\u00f3n con algunos ciudadanos, que est\u00e1n buscando impulsar el turismo y la cultura en el municipio. El presidente municipal de Lerma, Miguel \u00c1ngel Ram\u00edrez Ponce, se reuni\u00f3 con su cabildo para coordinar labores en materia financiera y administrativa, esperan lograr que el Plan de Obra P\u00fablica 2025 se pueda traducir en importantes acciones [&hellip;]<\/p>\n","protected":false},"author":1,"featured_media":86106,"comment_status":"closed","ping_status":"closed","sticky":false,"template":"","format":"standard","meta":{"footnotes":""},"categories":[30,36],"tags":[],"class_list":["post-86105","post","type-post","status-publish","format-standard","has-post-thumbnail","hentry","category-destacado","category-edomex"],"_links":{"self":[{"href":"https:\/\/elinformante.mx\/index.php?rest_route=\/wp\/v2\/posts\/86105","targetHints":{"allow":["GET"]}}],"collection":[{"href":"https:\/\/elinformante.mx\/index.php?rest_route=\/wp\/v2\/posts"}],"about":[{"href":"https:\/\/elinformante.mx\/index.php?rest_route=\/wp\/v2\/types\/post"}],"author":[{"embeddable":true,"href":"https:\/\/elinformante.mx\/index.php?rest_route=\/wp\/v2\/users\/1"}],"replies":[{"embeddable":true,"href":"https:\/\/elinformante.mx\/index.php?rest_route=%2Fwp%2Fv2%2Fcomments&post=86105"}],"version-history":[{"count":0,"href":"https:\/\/elinformante.mx\/index.php?rest_route=\/wp\/v2\/posts\/86105\/revisions"}],"wp:featuredmedia":[{"embeddable":true,"href":"https:\/\/elinformante.mx\/index.php?rest_route=\/wp\/v2\/media\/86106"}],"wp:attachment":[{"href":"https:\/\/elinformante.mx\/index.php?rest_route=%2Fwp%2Fv2%2Fmedia&parent=86105"}],"wp:term":[{"taxonomy":"category","embeddable":true,"href":"https:\/\/elinformante.mx\/index.php?rest_route=%2Fwp%2Fv2%2Fcategories&post=86105"},{"taxonomy":"post_tag","embeddable":true,"href":"https:\/\/elinformante.mx\/index.php?rest_route=%2Fwp%2Fv2%2Ftags&post=86105"}],"curies":[{"name":"wp","href":"https:\/\/api.w.org\/{rel}","templated":true}]}}