{"id":86119,"date":"2025-06-18T06:28:27","date_gmt":"2025-06-18T12:28:27","guid":{"rendered":"https:\/\/elinformante.mx\/?p=86119"},"modified":"2025-06-18T06:28:30","modified_gmt":"2025-06-18T12:28:30","slug":"edomex-redujo-23-el-robo-al-transporte-ssem-y-sedeco","status":"publish","type":"post","link":"https:\/\/elinformante.mx\/?p=86119","title":{"rendered":"Edom\u00e9x redujo 23% el robo al transporte: SSEM y Sedeco"},"content":{"rendered":"\n<figure class=\"wp-block-pullquote\"><blockquote><p>-Se implementan estrategias integrales para fortalecer entornos seguros que promuevan la inversi\u00f3n y el desarrollo econ\u00f3mico.<\/p><\/blockquote><\/figure>\n\n\n\n<p class=\"has-drop-cap\">En el Estado de M\u00e9xico se registr\u00f3 una reducci\u00f3n del 23% el robo a transporte de carga de marzo a abril de este a\u00f1o, inform\u00f3 el Secretario de Seguridad, Crist\u00f3bal Casta\u00f1eda Camarillo en reuni\u00f3n con la Secretar\u00eda de Desarrollo Econ\u00f3mico de la entidad (SEDECO) y 18 representantes del sector empresarial mexiquense.<br><\/p>\n\n\n\n<p>En la sala de crisis del C5, Casta\u00f1eda Camarillo, dijo que se refuerza la coordinaci\u00f3n con el gremio con el objetivo de fortalecer los mecanismos y estrategias en materia de seguridad.<br><\/p>\n\n\n\n<p>\u201cEsperemos seguir avanzando, porque esos buenos resultados van de la mano con ustedes, as\u00ed se tiene que despertar nuevamente la confianza en las autoridades; poco a poco hemos ido avanzando bajo el liderazgo de la gobernadora constitucional del estado, la maestra Delfina G\u00f3mez \u00c1lvarez\u201d se\u00f1al\u00f3 el Secretario de Seguridad.<br><\/p>\n\n\n\n<p>La titular de la Secretar\u00eda de Desarrollo Econ\u00f3mico, Laura Gonz\u00e1lez Hern\u00e1ndez, destac\u00f3 la importancia de promover y gestionar este tipo de encuentros, ya que permiten fortalecer la vinculaci\u00f3n entre las unidades econ\u00f3micas establecidas en el Estado de M\u00e9xico y los esfuerzos en materia de seguridad.<br><\/p>\n\n\n\n<p>Subray\u00f3 que esta coordinaci\u00f3n genera entornos m\u00e1s confiables para la inversi\u00f3n, favorece la permanencia y crecimiento de las empresas, y, en consecuencia, impulsa el bienestar de la ciudadan\u00eda, que consume y trabaja en esta actividad econ\u00f3mica. Acciones como estas convergen en donde la seguridad, el desarrollo productivo y la inversi\u00f3n se refuerzan mutuamente.<br><\/p>\n\n\n\n<p>\u201cLos temas de seguridad no son temas aislados, a veces convergen en muchas materias, y por eso es que, de pronto, s\u00ed es importante estar aqu\u00ed para hacer una evaluaci\u00f3n, pero sobre todo ver qu\u00e9 mecanismos podemos ir mejorando o implementando en apoyo mutuo, precisamente para que este tema pueda mejorar y sea de beneficio para todos\u201d reiter\u00f3.<br><\/p>\n\n\n\n<p>En su oportunidad las y los empresarios se\u00f1alaron que con las estrategias de seguridad como la sinergia con el Centro de Control, Comando, Comunicaci\u00f3n, C\u00f3mputo y Calidad (C5), as\u00ed como los botones de p\u00e1nico, entre otras acciones, se ha registrado una disminuci\u00f3n en hechos delictivos.<br><\/p>\n\n\n\n<p>Ejemplo de ello, Grupo Oxxo dio a conocer la baja del robo con violencia del 48% en sus tiendas, mientras que Grupo Walmart inform\u00f3 que el robo carretero casi reduce a cero.<br><\/p>\n\n\n\n<p>Tambi\u00e9n se aprovech\u00f3 el espacio de di\u00e1logo para solicitar el reforzamiento de seguridad en puntos como el Arco Norte, el Circuito Exterior Mexiquense, entre otras zonas. La Secretar\u00eda de Seguridad reitera el compromiso con las y los mexiquenses para construir una entidad segura y en paz, as\u00ed lograr la reconstrucci\u00f3n del tejido social a trav\u00e9s de todos los sectores.<br><\/p>\n\n\n\n<p>A la reuni\u00f3n asistieron, la titular del C5, Leslie Monzerrat Melchor Ibarra; Directora General de Desarrollo Institucional e Innovaci\u00f3n, Militza Berenice Cajiga Uribe; por parte de SEDECO el Director General de Industria, Carlos Jorge Tello Arteaga; Director General de Comercio, Alejandro Eduardo Razo Delgado.<br><\/p>\n\n\n\n<p>Adem\u00e1s, 18 representantes de las empresas Amazon, DHL, Mercado Libre, Garis, Farmacias del Ahorro, Walmart, OXXO, Avante Textil, Sigma Alimentos, Grupo Bimbo, AYCO, Ford Motor Company, Daimler, STELLANTIS, GM, Pepsico, Unilever M\u00e9xico y Foods LATAM.<\/p>\n","protected":false},"excerpt":{"rendered":"<p>-Se implementan estrategias integrales para fortalecer entornos seguros que promuevan la inversi\u00f3n y el desarrollo econ\u00f3mico. En el Estado de M\u00e9xico se registr\u00f3 una reducci\u00f3n del 23% el robo a transporte de carga de marzo a abril de este a\u00f1o, inform\u00f3 el Secretario de Seguridad, Crist\u00f3bal Casta\u00f1eda Camarillo en reuni\u00f3n con la Secretar\u00eda de Desarrollo [&hellip;]<\/p>\n","protected":false},"author":1,"featured_media":86120,"comment_status":"closed","ping_status":"closed","sticky":false,"template":"","format":"standard","meta":{"footnotes":""},"categories":[30,36],"tags":[],"class_list":["post-86119","post","type-post","status-publish","format-standard","has-post-thumbnail","hentry","category-destacado","category-edomex"],"_links":{"self":[{"href":"https:\/\/elinformante.mx\/index.php?rest_route=\/wp\/v2\/posts\/86119","targetHints":{"allow":["GET"]}}],"collection":[{"href":"https:\/\/elinformante.mx\/index.php?rest_route=\/wp\/v2\/posts"}],"about":[{"href":"https:\/\/elinformante.mx\/index.php?rest_route=\/wp\/v2\/types\/post"}],"author":[{"embeddable":true,"href":"https:\/\/elinformante.mx\/index.php?rest_route=\/wp\/v2\/users\/1"}],"replies":[{"embeddable":true,"href":"https:\/\/elinformante.mx\/index.php?rest_route=%2Fwp%2Fv2%2Fcomments&post=86119"}],"version-history":[{"count":0,"href":"https:\/\/elinformante.mx\/index.php?rest_route=\/wp\/v2\/posts\/86119\/revisions"}],"wp:featuredmedia":[{"embeddable":true,"href":"https:\/\/elinformante.mx\/index.php?rest_route=\/wp\/v2\/media\/86120"}],"wp:attachment":[{"href":"https:\/\/elinformante.mx\/index.php?rest_route=%2Fwp%2Fv2%2Fmedia&parent=86119"}],"wp:term":[{"taxonomy":"category","embeddable":true,"href":"https:\/\/elinformante.mx\/index.php?rest_route=%2Fwp%2Fv2%2Fcategories&post=86119"},{"taxonomy":"post_tag","embeddable":true,"href":"https:\/\/elinformante.mx\/index.php?rest_route=%2Fwp%2Fv2%2Ftags&post=86119"}],"curies":[{"name":"wp","href":"https:\/\/api.w.org\/{rel}","templated":true}]}}