{"id":86189,"date":"2025-06-19T06:06:36","date_gmt":"2025-06-19T12:06:36","guid":{"rendered":"https:\/\/elinformante.mx\/?p=86189"},"modified":"2025-06-19T06:06:40","modified_gmt":"2025-06-19T12:06:40","slug":"agremia-el-suteym-a-servidores-publicos","status":"publish","type":"post","link":"https:\/\/elinformante.mx\/?p=86189","title":{"rendered":"Agremia el SUTEYM a servidores p\u00fablicos"},"content":{"rendered":"\n<figure class=\"wp-block-pullquote\"><blockquote><p>El SUTEYM est\u00e1 integrado por m\u00e1s de 86 mil servidores p\u00fablicos de los tres poderes.<\/p><\/blockquote><\/figure>\n\n\n\n<p class=\"has-drop-cap\">Herminio Cahue Calder\u00f3n, secretario general del Sindicato \u00danico de Trabajadores de los Poderes, Municipios e Instituciones Descentralizadas del Estado de M\u00e9xico (SUTEYM), tom\u00f3 protesta a personas servidoras p\u00fablicas del sector central, que reci\u00e9n se agremiaron a la organizaci\u00f3n, acto en el que tambi\u00e9n recibieron sus respectivas identificaciones del gremio.<br><\/p>\n\n\n\n<p>\u201cCompa\u00f1eras y compa\u00f1eros servidores p\u00fablicos, ya forman parte de esta gran organizaci\u00f3n sindical, con historia, que se distingue por su unidad. Una organizaci\u00f3n sindical que interact\u00faa con las diferentes expresiones pol\u00edticas que hay a lo largo y ancho del Estado de M\u00e9xico\u201d, expres\u00f3 Cahue Calder\u00f3n al dirigirse a los nuevos agremiados.<br><\/p>\n\n\n\n<p>En el auditorio Teniente Sebasti\u00e1n Cruz Ar\u00e1mbula S\u00e1nchez, el dirigente estatal refiri\u00f3 que el SUTEYM est\u00e1 integrado por m\u00e1s de 86 mil servidores p\u00fablicos de los tres poderes; destac\u00f3 que con cada dependencia siempre se procura mantener una relaci\u00f3n institucional, basada en el respeto y reconocimiento a los derechos y conquistas laborales que se han ganado a lo largo de 86 a\u00f1os.<br><\/p>\n\n\n\n<figure class=\"wp-block-image size-large\"><img fetchpriority=\"high\" decoding=\"async\" width=\"1024\" height=\"506\" src=\"https:\/\/elinformante.mx\/wp-content\/uploads\/2025\/06\/13suteym-2-1024x506.jpg\" alt=\"\" class=\"wp-image-86191\" srcset=\"https:\/\/elinformante.mx\/wp-content\/uploads\/2025\/06\/13suteym-2-1024x506.jpg 1024w, https:\/\/elinformante.mx\/wp-content\/uploads\/2025\/06\/13suteym-2-300x148.jpg 300w, https:\/\/elinformante.mx\/wp-content\/uploads\/2025\/06\/13suteym-2-768x379.jpg 768w, https:\/\/elinformante.mx\/wp-content\/uploads\/2025\/06\/13suteym-2.jpg 1140w\" sizes=\"(max-width: 1024px) 100vw, 1024px\" \/><\/figure>\n\n\n\n<p>\u201cLa mejor recomendaci\u00f3n que le podemos dar a nuestro sindicato es haciendo bien nuestro trabajo, impregn\u00e1ndole responsabilidad, cari\u00f1o empat\u00eda. No cualquier ser humano tiene la oportunidad que nosotros tenemos de atender a nuestro pr\u00f3jimo. Por eso, les pido que seamos facilitadores, que entendamos la necesidad de quien tenemos enfrente, porque \u00e9l es el verdadero patr\u00f3n de los servidores p\u00fablicos, gracias a la contribuci\u00f3n que realiza, nosotros podemos cobrar cada quincena\u201d, manifest\u00f3 el l\u00edder estatal.<br><\/p>\n\n\n\n<p>En el mensaje de bienvenida, Olga Edith Qui\u00f1ones Jaimes, secretaria de Control Estad\u00edstico, exhort\u00f3 a los 175 beneficiados ser gente que engrandezca a la organizaci\u00f3n y a estar orgullosos de pertenecer a esta. Tambi\u00e9n los conmin\u00f3 a ser verdaderos sindicalistas y a conocer a fondo las prestaciones y responsabilidades que ello implica.<br><\/p>\n\n\n\n<p>En su momento, varios suteymistas manifestaron su sentir al incorporarse al gremio. Coincidieron en expresar su gratitud por esta oportunidad, que les representa mejoras y certeza laboral.<\/p>\n","protected":false},"excerpt":{"rendered":"<p>El SUTEYM est\u00e1 integrado por m\u00e1s de 86 mil servidores p\u00fablicos de los tres poderes. Herminio Cahue Calder\u00f3n, secretario general del Sindicato \u00danico de Trabajadores de los Poderes, Municipios e Instituciones Descentralizadas del Estado de M\u00e9xico (SUTEYM), tom\u00f3 protesta a personas servidoras p\u00fablicas del sector central, que reci\u00e9n se agremiaron a la organizaci\u00f3n, acto en [&hellip;]<\/p>\n","protected":false},"author":1,"featured_media":86190,"comment_status":"closed","ping_status":"closed","sticky":false,"template":"","format":"standard","meta":{"footnotes":""},"categories":[30,36],"tags":[],"class_list":["post-86189","post","type-post","status-publish","format-standard","has-post-thumbnail","hentry","category-destacado","category-edomex"],"_links":{"self":[{"href":"https:\/\/elinformante.mx\/index.php?rest_route=\/wp\/v2\/posts\/86189","targetHints":{"allow":["GET"]}}],"collection":[{"href":"https:\/\/elinformante.mx\/index.php?rest_route=\/wp\/v2\/posts"}],"about":[{"href":"https:\/\/elinformante.mx\/index.php?rest_route=\/wp\/v2\/types\/post"}],"author":[{"embeddable":true,"href":"https:\/\/elinformante.mx\/index.php?rest_route=\/wp\/v2\/users\/1"}],"replies":[{"embeddable":true,"href":"https:\/\/elinformante.mx\/index.php?rest_route=%2Fwp%2Fv2%2Fcomments&post=86189"}],"version-history":[{"count":0,"href":"https:\/\/elinformante.mx\/index.php?rest_route=\/wp\/v2\/posts\/86189\/revisions"}],"wp:featuredmedia":[{"embeddable":true,"href":"https:\/\/elinformante.mx\/index.php?rest_route=\/wp\/v2\/media\/86190"}],"wp:attachment":[{"href":"https:\/\/elinformante.mx\/index.php?rest_route=%2Fwp%2Fv2%2Fmedia&parent=86189"}],"wp:term":[{"taxonomy":"category","embeddable":true,"href":"https:\/\/elinformante.mx\/index.php?rest_route=%2Fwp%2Fv2%2Fcategories&post=86189"},{"taxonomy":"post_tag","embeddable":true,"href":"https:\/\/elinformante.mx\/index.php?rest_route=%2Fwp%2Fv2%2Ftags&post=86189"}],"curies":[{"name":"wp","href":"https:\/\/api.w.org\/{rel}","templated":true}]}}