{"id":86193,"date":"2025-06-19T06:13:01","date_gmt":"2025-06-19T12:13:01","guid":{"rendered":"https:\/\/elinformante.mx\/?p=86193"},"modified":"2025-06-19T06:13:03","modified_gmt":"2025-06-19T12:13:03","slug":"se-reune-saray-benitez-con-la-jcem-para-coordinar-trabajos-en-mexicaltzingo","status":"publish","type":"post","link":"https:\/\/elinformante.mx\/?p=86193","title":{"rendered":"Se re\u00fane Saray Ben\u00edtez con la JCEM para coordinar trabajos en Mexicaltzingo"},"content":{"rendered":"\n<figure class=\"wp-block-pullquote\"><blockquote><p>Ben\u00edtez Espinosa agradeci\u00f3, adem\u00e1s, todo el apoyo que le ha brindado a Mexicaltzingo la gobernadora Delfina G\u00f3mez.<\/p><\/blockquote><\/figure>\n\n\n\n<p class=\"has-drop-cap\">La presidenta municipal de Mexicaltzingo, Saray Ben\u00edtez Espinosa, se reuni\u00f3 con Ariel Ju\u00e1rez, Director General de la Junta de Caminos del Estado de M\u00e9xico, para sostener una reuni\u00f3n de trabajo.<br><\/p>\n\n\n\n<p>Durante la reuni\u00f3n la presidenta se\u00f1al\u00f3 que se busca trabajar de la mano con JCEM en beneficio de los habitantes del municipio.<br><\/p>\n\n\n\n<figure class=\"wp-block-image size-large\"><img fetchpriority=\"high\" decoding=\"async\" width=\"1024\" height=\"506\" src=\"https:\/\/elinformante.mx\/wp-content\/uploads\/2025\/06\/12mexi-2-1024x506.jpg\" alt=\"\" class=\"wp-image-86195\" srcset=\"https:\/\/elinformante.mx\/wp-content\/uploads\/2025\/06\/12mexi-2-1024x506.jpg 1024w, https:\/\/elinformante.mx\/wp-content\/uploads\/2025\/06\/12mexi-2-300x148.jpg 300w, https:\/\/elinformante.mx\/wp-content\/uploads\/2025\/06\/12mexi-2-768x379.jpg 768w, https:\/\/elinformante.mx\/wp-content\/uploads\/2025\/06\/12mexi-2.jpg 1140w\" sizes=\"(max-width: 1024px) 100vw, 1024px\" \/><\/figure>\n\n\n\n<p>Se\u00f1al\u00f3 que ambos acordaron trabajar coordinadamente en acciones que mejoraran las comunicaciones y la seguridad vial en Mexicaltzingo.<br><\/p>\n\n\n\n<p>Recordaron que estas acciones forman parte del mantenimiento que se realiza en los caminos estatales y que ahora con esta colaboraci\u00f3n, los caminos municipales tambi\u00e9n estar\u00e1n en buen estado.<br><\/p>\n\n\n\n<p>Ben\u00edtez Espinosa agradeci\u00f3, adem\u00e1s, todo el apoyo que le ha brindado a Mexicaltzingo la gobernadora Delfina G\u00f3mez.<\/p>\n","protected":false},"excerpt":{"rendered":"<p>Ben\u00edtez Espinosa agradeci\u00f3, adem\u00e1s, todo el apoyo que le ha brindado a Mexicaltzingo la gobernadora Delfina G\u00f3mez. La presidenta municipal de Mexicaltzingo, Saray Ben\u00edtez Espinosa, se reuni\u00f3 con Ariel Ju\u00e1rez, Director General de la Junta de Caminos del Estado de M\u00e9xico, para sostener una reuni\u00f3n de trabajo. Durante la reuni\u00f3n la presidenta se\u00f1al\u00f3 que se [&hellip;]<\/p>\n","protected":false},"author":1,"featured_media":86194,"comment_status":"closed","ping_status":"closed","sticky":false,"template":"","format":"standard","meta":{"footnotes":""},"categories":[36],"tags":[],"class_list":["post-86193","post","type-post","status-publish","format-standard","has-post-thumbnail","hentry","category-edomex"],"_links":{"self":[{"href":"https:\/\/elinformante.mx\/index.php?rest_route=\/wp\/v2\/posts\/86193","targetHints":{"allow":["GET"]}}],"collection":[{"href":"https:\/\/elinformante.mx\/index.php?rest_route=\/wp\/v2\/posts"}],"about":[{"href":"https:\/\/elinformante.mx\/index.php?rest_route=\/wp\/v2\/types\/post"}],"author":[{"embeddable":true,"href":"https:\/\/elinformante.mx\/index.php?rest_route=\/wp\/v2\/users\/1"}],"replies":[{"embeddable":true,"href":"https:\/\/elinformante.mx\/index.php?rest_route=%2Fwp%2Fv2%2Fcomments&post=86193"}],"version-history":[{"count":0,"href":"https:\/\/elinformante.mx\/index.php?rest_route=\/wp\/v2\/posts\/86193\/revisions"}],"wp:featuredmedia":[{"embeddable":true,"href":"https:\/\/elinformante.mx\/index.php?rest_route=\/wp\/v2\/media\/86194"}],"wp:attachment":[{"href":"https:\/\/elinformante.mx\/index.php?rest_route=%2Fwp%2Fv2%2Fmedia&parent=86193"}],"wp:term":[{"taxonomy":"category","embeddable":true,"href":"https:\/\/elinformante.mx\/index.php?rest_route=%2Fwp%2Fv2%2Fcategories&post=86193"},{"taxonomy":"post_tag","embeddable":true,"href":"https:\/\/elinformante.mx\/index.php?rest_route=%2Fwp%2Fv2%2Ftags&post=86193"}],"curies":[{"name":"wp","href":"https:\/\/api.w.org\/{rel}","templated":true}]}}