{"id":86204,"date":"2025-06-19T06:26:40","date_gmt":"2025-06-19T12:26:40","guid":{"rendered":"https:\/\/elinformante.mx\/?p=86204"},"modified":"2025-06-19T06:28:18","modified_gmt":"2025-06-19T12:28:18","slug":"inaugura-fernando-flores-nuevo-cai-en-metepec","status":"publish","type":"post","link":"https:\/\/elinformante.mx\/?p=86204","title":{"rendered":"Inaugura Fernando Flores nuevo CAI en Metepec"},"content":{"rendered":"\n<figure class=\"wp-block-pullquote\"><blockquote><p>Destac\u00f3 Flores Fern\u00e1ndez que estos espacios representan una pol\u00edtica p\u00fablica pensada en el bienestar a largo plazo de la comunidad.<\/p><\/blockquote><\/figure>\n\n\n\n<p class=\"has-drop-cap\">El presidente municipal de Metepec, Fernando Flores Fern\u00e1ndez se\u00f1al\u00f3 que como parte del fortalecimiento a la seguridad y servicios ciudadanos, se llev\u00f3 a cabo la inauguraci\u00f3n del nuevo Centro de Atenci\u00f3n Inmediata (CAI) en el Barrio del Esp\u00edritu Santo, justo a un costado del puente de acceso principal al municipio.<br><\/p>\n\n\n\n<p>Este nuevo CAI se suma a los siete construidos desde 2023 en los diferentes puntos del municipio. Se\u00f1al\u00f3 que este centro brindar\u00e1 atenci\u00f3n directa y gratuita a m\u00e1s de 4 mil habitantes de la cabecera municipal, as\u00ed como a tres pueblos originarios, incluyendo vecinos, locatarios, transportistas y comerciantes de la zona.<br><\/p>\n\n\n\n<p>Flores Fern\u00e1ndez mencion\u00f3 durante la inauguraci\u00f3n que este CAI, ofrecer\u00e1 servicios de consulta m\u00e9dica y psicol\u00f3gica como parte del programa \u201cM\u00e9dico en tu Casa\u201d y cuenta con un Punto Naranja, espacio destinado a la protecci\u00f3n y atenci\u00f3n de mujeres v\u00edctimas de violencia.<br><\/p>\n\n\n\n<figure class=\"wp-block-image size-large\"><img fetchpriority=\"high\" decoding=\"async\" width=\"1024\" height=\"506\" src=\"https:\/\/elinformante.mx\/wp-content\/uploads\/2025\/06\/11metepec2-2-1024x506.jpg\" alt=\"\" class=\"wp-image-86206\" srcset=\"https:\/\/elinformante.mx\/wp-content\/uploads\/2025\/06\/11metepec2-2-1024x506.jpg 1024w, https:\/\/elinformante.mx\/wp-content\/uploads\/2025\/06\/11metepec2-2-300x148.jpg 300w, https:\/\/elinformante.mx\/wp-content\/uploads\/2025\/06\/11metepec2-2-768x379.jpg 768w, https:\/\/elinformante.mx\/wp-content\/uploads\/2025\/06\/11metepec2-2.jpg 1140w\" sizes=\"(max-width: 1024px) 100vw, 1024px\" \/><\/figure>\n\n\n\n<p>Mencion\u00f3 que se incorpor\u00f3 un Centro de Monitoreo y Telecomunicaci\u00f3n, as\u00ed como un \u00e1rea para el despegue y operaci\u00f3n de drones t\u00e1cticos, lo que fortalece la vigilancia en tiempo real.<br><\/p>\n\n\n\n<p>Fernando Flores destac\u00f3 que estos espacios representan una pol\u00edtica p\u00fablica pensada en el bienestar a largo plazo de la comunidad contribuyendo a generar condiciones para que las familias sigan protegidas caminando por las calles con seguridad.<br><\/p>\n\n\n\n<p>\u201cEste es un proyecto que no piensa en las pr\u00f3ximas elecciones, sino en las futuras generaciones\u201d, detall\u00f3.<br><\/p>\n\n\n\n<figure class=\"wp-block-image size-large\"><img decoding=\"async\" width=\"1024\" height=\"506\" src=\"https:\/\/elinformante.mx\/wp-content\/uploads\/2025\/06\/11metepec-4-1024x506.jpg\" alt=\"\" class=\"wp-image-86207\" srcset=\"https:\/\/elinformante.mx\/wp-content\/uploads\/2025\/06\/11metepec-4-1024x506.jpg 1024w, https:\/\/elinformante.mx\/wp-content\/uploads\/2025\/06\/11metepec-4-300x148.jpg 300w, https:\/\/elinformante.mx\/wp-content\/uploads\/2025\/06\/11metepec-4-768x379.jpg 768w, https:\/\/elinformante.mx\/wp-content\/uploads\/2025\/06\/11metepec-4.jpg 1140w\" sizes=\"(max-width: 1024px) 100vw, 1024px\" \/><\/figure>\n\n\n\n<p>Tambi\u00e9n anunci\u00f3 una serie de acciones complementarias que refuerzan el sistema de seguridad p\u00fablica municipal, como la instalaci\u00f3n de 700 nuevas c\u00e1maras de videovigilancia de alta tecnolog\u00eda con inteligencia artificial, adem\u00e1s de la implementaci\u00f3n de sem\u00e1foros inteligentes.<br><\/p>\n\n\n\n<p>Se\u00f1al\u00f3 que se llevar\u00e1 a cabo la evoluci\u00f3n del Centro de Mando del C2 al C4, permitiendo una mejor coordinaci\u00f3n operativa. Record\u00f3 que se incorporar\u00e1n 60 nuevos elementos de la Polic\u00eda municipal.<br><\/p>\n\n\n\n<p>El edil concluy\u00f3 que \u201cnadie detiene a los ciudadanos gobernando que hacen que Metepec siga brillando, y lo har\u00e1 a\u00fan m\u00e1s\u201d, reiterando su compromiso de seguir trabajando de la mano con la comunidad, en la calle, y para la calle.<\/p>\n","protected":false},"excerpt":{"rendered":"<p>Destac\u00f3 Flores Fern\u00e1ndez que estos espacios representan una pol\u00edtica p\u00fablica pensada en el bienestar a largo plazo de la comunidad. El presidente municipal de Metepec, Fernando Flores Fern\u00e1ndez se\u00f1al\u00f3 que como parte del fortalecimiento a la seguridad y servicios ciudadanos, se llev\u00f3 a cabo la inauguraci\u00f3n del nuevo Centro de Atenci\u00f3n Inmediata (CAI) en el [&hellip;]<\/p>\n","protected":false},"author":1,"featured_media":86205,"comment_status":"closed","ping_status":"closed","sticky":false,"template":"","format":"standard","meta":{"footnotes":""},"categories":[36],"tags":[],"class_list":["post-86204","post","type-post","status-publish","format-standard","has-post-thumbnail","hentry","category-edomex"],"_links":{"self":[{"href":"https:\/\/elinformante.mx\/index.php?rest_route=\/wp\/v2\/posts\/86204","targetHints":{"allow":["GET"]}}],"collection":[{"href":"https:\/\/elinformante.mx\/index.php?rest_route=\/wp\/v2\/posts"}],"about":[{"href":"https:\/\/elinformante.mx\/index.php?rest_route=\/wp\/v2\/types\/post"}],"author":[{"embeddable":true,"href":"https:\/\/elinformante.mx\/index.php?rest_route=\/wp\/v2\/users\/1"}],"replies":[{"embeddable":true,"href":"https:\/\/elinformante.mx\/index.php?rest_route=%2Fwp%2Fv2%2Fcomments&post=86204"}],"version-history":[{"count":0,"href":"https:\/\/elinformante.mx\/index.php?rest_route=\/wp\/v2\/posts\/86204\/revisions"}],"wp:featuredmedia":[{"embeddable":true,"href":"https:\/\/elinformante.mx\/index.php?rest_route=\/wp\/v2\/media\/86205"}],"wp:attachment":[{"href":"https:\/\/elinformante.mx\/index.php?rest_route=%2Fwp%2Fv2%2Fmedia&parent=86204"}],"wp:term":[{"taxonomy":"category","embeddable":true,"href":"https:\/\/elinformante.mx\/index.php?rest_route=%2Fwp%2Fv2%2Fcategories&post=86204"},{"taxonomy":"post_tag","embeddable":true,"href":"https:\/\/elinformante.mx\/index.php?rest_route=%2Fwp%2Fv2%2Ftags&post=86204"}],"curies":[{"name":"wp","href":"https:\/\/api.w.org\/{rel}","templated":true}]}}