{"id":86214,"date":"2025-06-19T06:44:13","date_gmt":"2025-06-19T12:44:13","guid":{"rendered":"https:\/\/elinformante.mx\/?p=86214"},"modified":"2025-06-19T06:44:15","modified_gmt":"2025-06-19T12:44:15","slug":"pjedomex-situa-a-las-personas-en-el-epicentro-de-la-transformacion-judicial-fernando-diaz","status":"publish","type":"post","link":"https:\/\/elinformante.mx\/?p=86214","title":{"rendered":"PJEdom\u00e9x sit\u00faa a las personas en el epicentro de la transformaci\u00f3n judicial: Fernando D\u00edaz"},"content":{"rendered":"\n<figure class=\"wp-block-pullquote\"><blockquote><p>Al inaugurar el Congreso Internacional de Educaci\u00f3n Judicial 2025, el Magistrado Presidente subray\u00f3 que el voto de confianza ciudadano obliga a impartir justicia cercana, abierta, sensible, humanista y con enfoque social.<\/p><\/blockquote><\/figure>\n\n\n\n<p class=\"has-drop-cap\">\u201cPara democratizar la justicia, m\u00e1s all\u00e1 de honrar el voto de confianza de la gente, estamos obligados a impartirla de manera accesible y abierta al escrutinio popular, situando a las personas en el epicentro de la transformaci\u00f3n, celosos de nuestra vocaci\u00f3n humanista, sabedores de que el Derecho es instrumento de cohesi\u00f3n social\u201d expres\u00f3 Fernando D\u00edaz Ju\u00e1rez, titular del Poder Judicial del Estado de M\u00e9xico, al inaugurar el Congreso Internacional de Educaci\u00f3n Judicial 2025 \u201cLos retos de la educaci\u00f3n judicial frente a la Reforma\u201d.<br><\/p>\n\n\n\n<p>En el Aula Magna \u201cMgdo. Lic. Gustavo A. Barrera Graf\u201d de la Escuela Judicial (EJEM) y ante el secretario del Bienestar, Juan Carlos Romero Gonz\u00e1lez, el Magistrado Presidente sostuvo que el Derecho debe ser instrumento de paz y bienestar, por lo que la instituci\u00f3n apuesta por fortalecer la preparaci\u00f3n acad\u00e9mica y el intercambio de experiencias, como base para afrontar los desaf\u00edos contempor\u00e1neos que involucran a la educaci\u00f3n y la carrera judicial.<br><\/p>\n\n\n\n<p>D\u00edaz Ju\u00e1rez subray\u00f3 que el reciente ejercicio electoral que eligi\u00f3 a las y los juzgadores legitim\u00f3 al Sistema Judicial con la voluntad de la gente. En consecuencia, dijo, el Tribunal Superior de Justicia tiene la responsabilidad de ofrecer un servicio cercano, sensible, eficiente, austero, altamente profesional y alineado con las verdaderas necesidades de la poblaci\u00f3n, con especial atenci\u00f3n a quienes hist\u00f3ricamente han vivido en condiciones de vulnerabilidad, marginaci\u00f3n y exclusi\u00f3n.<br><\/p>\n\n\n\n<figure class=\"wp-block-image size-large\"><img fetchpriority=\"high\" decoding=\"async\" width=\"1024\" height=\"506\" src=\"https:\/\/elinformante.mx\/wp-content\/uploads\/2025\/06\/10pjedomex-2-3-1024x506.jpg\" alt=\"\" class=\"wp-image-86216\" srcset=\"https:\/\/elinformante.mx\/wp-content\/uploads\/2025\/06\/10pjedomex-2-3-1024x506.jpg 1024w, https:\/\/elinformante.mx\/wp-content\/uploads\/2025\/06\/10pjedomex-2-3-300x148.jpg 300w, https:\/\/elinformante.mx\/wp-content\/uploads\/2025\/06\/10pjedomex-2-3-768x379.jpg 768w, https:\/\/elinformante.mx\/wp-content\/uploads\/2025\/06\/10pjedomex-2-3.jpg 1140w\" sizes=\"(max-width: 1024px) 100vw, 1024px\" \/><\/figure>\n\n\n\n<p>Juan Carlos Romero Gonz\u00e1lez, Secretario del Bienestar del Estado de M\u00e9xico, reconoci\u00f3 la solidez del Poder Judicial estatal y celebr\u00f3 la realizaci\u00f3n de este foro como parte del proceso de implementaci\u00f3n de la reforma, trazando el camino estructural que guiar\u00e1 a las escuelas judiciales en su papel dentro de la transformaci\u00f3n del sistema de justicia.<br><\/p>\n\n\n\n<p>Destac\u00f3 que temas como la participaci\u00f3n ciudadana, la justicia social y el nuevo constitucionalismo marcar\u00e1n la ruta que deber\u00e1n seguir tanto las instituciones como los operadores jur\u00eddicos en los pr\u00f3ximos a\u00f1os.<br><\/p>\n\n\n\n<p>En este contexto las escuelas judiciales est\u00e1n llamadas a asumir nuevas funciones, alineadas con los cambios estructurales que exige esta transformaci\u00f3n; no obstante, subray\u00f3 que el llamado es claro: ejercer el servicio p\u00fablico con honestidad, diligencia e imparcialidad, poniendo siempre en el centro el bienestar social.<br><\/p>\n\n\n\n<p>Frente a integrantes del Consejo de la Judicatura, magistradas, magistrados, juezas y jueces del PJEdom\u00e9x, as\u00ed como especialistas, estudiosos del Derecho y personas que ejercen la abogac\u00eda, destac\u00f3 que se reflexionar\u00e1 sobre la experiencia boliviana, donde desde 2009 se elige a jueces mediante voto popular, as\u00ed como el modelo estadounidense y su impacto en la democracia.<\/p>\n","protected":false},"excerpt":{"rendered":"<p>Al inaugurar el Congreso Internacional de Educaci\u00f3n Judicial 2025, el Magistrado Presidente subray\u00f3 que el voto de confianza ciudadano obliga a impartir justicia cercana, abierta, sensible, humanista y con enfoque social. \u201cPara democratizar la justicia, m\u00e1s all\u00e1 de honrar el voto de confianza de la gente, estamos obligados a impartirla de manera accesible y abierta [&hellip;]<\/p>\n","protected":false},"author":1,"featured_media":86215,"comment_status":"closed","ping_status":"closed","sticky":false,"template":"","format":"standard","meta":{"footnotes":""},"categories":[36],"tags":[],"class_list":["post-86214","post","type-post","status-publish","format-standard","has-post-thumbnail","hentry","category-edomex"],"_links":{"self":[{"href":"https:\/\/elinformante.mx\/index.php?rest_route=\/wp\/v2\/posts\/86214","targetHints":{"allow":["GET"]}}],"collection":[{"href":"https:\/\/elinformante.mx\/index.php?rest_route=\/wp\/v2\/posts"}],"about":[{"href":"https:\/\/elinformante.mx\/index.php?rest_route=\/wp\/v2\/types\/post"}],"author":[{"embeddable":true,"href":"https:\/\/elinformante.mx\/index.php?rest_route=\/wp\/v2\/users\/1"}],"replies":[{"embeddable":true,"href":"https:\/\/elinformante.mx\/index.php?rest_route=%2Fwp%2Fv2%2Fcomments&post=86214"}],"version-history":[{"count":0,"href":"https:\/\/elinformante.mx\/index.php?rest_route=\/wp\/v2\/posts\/86214\/revisions"}],"wp:featuredmedia":[{"embeddable":true,"href":"https:\/\/elinformante.mx\/index.php?rest_route=\/wp\/v2\/media\/86215"}],"wp:attachment":[{"href":"https:\/\/elinformante.mx\/index.php?rest_route=%2Fwp%2Fv2%2Fmedia&parent=86214"}],"wp:term":[{"taxonomy":"category","embeddable":true,"href":"https:\/\/elinformante.mx\/index.php?rest_route=%2Fwp%2Fv2%2Fcategories&post=86214"},{"taxonomy":"post_tag","embeddable":true,"href":"https:\/\/elinformante.mx\/index.php?rest_route=%2Fwp%2Fv2%2Ftags&post=86214"}],"curies":[{"name":"wp","href":"https:\/\/api.w.org\/{rel}","templated":true}]}}