{"id":86221,"date":"2025-06-19T06:48:58","date_gmt":"2025-06-19T12:48:58","guid":{"rendered":"https:\/\/elinformante.mx\/?p=86221"},"modified":"2025-06-19T06:49:00","modified_gmt":"2025-06-19T12:49:00","slug":"promueve-gem-la-salud-emocional-de-docentes-para-favorecer-su-desarrollo-profesional-y-humano","status":"publish","type":"post","link":"https:\/\/elinformante.mx\/?p=86221","title":{"rendered":"Promueve GEM la salud emocional de docentes para favorecer su desarrollo profesional y humano"},"content":{"rendered":"\n<figure class=\"wp-block-pullquote\"><blockquote><p>-Capacita a 811 maestros de educaci\u00f3n b\u00e1sica de ocho municipios mexiquenses, a trav\u00e9s del taller \u201c\u00bfY mis derechos d\u00f3nde quedan?\u201d.<\/p><\/blockquote><\/figure>\n\n\n\n<p class=\"has-drop-cap\">Para favorecer el desarrollo profesional y humano del magisterio mexiquense, en lo que va del a\u00f1o, la Secretar\u00eda de Educaci\u00f3n Ciencia Tecnolog\u00eda e Innovaci\u00f3n (SECTI) del Estado de M\u00e9xico ha capacitado a 811 docentes mediante el taller \u201c\u00bfY mis derechos d\u00f3nde quedan?\u201d.<br><\/p>\n\n\n\n<p>Miguel \u00c1ngel Hern\u00e1ndez Espejel, Titular de la SECTI, inform\u00f3 que se trata de una acci\u00f3n que promueve los derechos humanos y refuerza las habilidades socioemocionales entre docentes de educaci\u00f3n b\u00e1sica, como parte de la pol\u00edtica educativa impulsada por la Gobernadora Delfina G\u00f3mez \u00c1lvarez.<br><\/p>\n\n\n\n<p>En este taller han participado integrantes del magisterio de los municipios de Ray\u00f3n, San Antonio la Isla, Texcaltitl\u00e1n, Sultepec, Nextlalpan, Tejupilco, Jilotepec y Axapusco. El objetivo es alcanzar durante este a\u00f1o a m\u00e1s de mil maestros en toda la entidad.<br><\/p>\n\n\n\n<p>Las y los participantes acceden a conferencias sobre derechos y obligaciones en el ejercicio docente, estrategias de salud emocional, actividades l\u00fadicas como el \u201cT\u00fanel de los Elogios\u201d, as\u00ed como sesiones de meditaci\u00f3n y yoga. Adem\u00e1s, reciben materiales de apoyo de la Secretar\u00eda de Educaci\u00f3n P\u00fablica (SEP), enfocados en la prevenci\u00f3n del acoso escolar y las adicciones.<br><\/p>\n\n\n\n<p>Afirm\u00f3 que, a trav\u00e9s de estas jornadas de formaci\u00f3n, el Gobierno del Estado de M\u00e9xico, a trav\u00e9s SECTI y el Consejo Escolar para el Bienestar (CONEBI), fomenta entornos escolares respetuosos, seguros y que contribuyan a crear un ambiente con cultura de paz, en sinton\u00eda con los principios de la Nueva Escuela Mexicana (NEM).<br><\/p>\n\n\n\n<p>Elsa Lourdes Fuerte Robles, Directora General del CONEBI, afirm\u00f3 que est\u00e1n muy satisfechos con la respuesta y el entusiasmo de las y los docentes, y subray\u00f3 que es fundamental darles herramientas para gestionar sus emociones y garantizar ambientes educativos donde prevalezca el respeto y la empat\u00eda.<br><\/p>\n\n\n\n<p>Como parte de esta estrategia integral, el CONEBI pone a disposici\u00f3n del magisterio un cat\u00e1logo virtual de formaci\u00f3n continua sobre temas prioritarios como igualdad de g\u00e9nero, mediaci\u00f3n de conflictos, convivencia escolar y derechos humanos, disponible en: https:\/\/heyzine.com\/flip-book\/5b0c959217.html#page\/16. Para mayor informaci\u00f3n, pueden comunicarse a los tel\u00e9fonos 722 167 22 02 y 800 016 46 67.<\/p>\n","protected":false},"excerpt":{"rendered":"<p>-Capacita a 811 maestros de educaci\u00f3n b\u00e1sica de ocho municipios mexiquenses, a trav\u00e9s del taller \u201c\u00bfY mis derechos d\u00f3nde quedan?\u201d. Para favorecer el desarrollo profesional y humano del magisterio mexiquense, en lo que va del a\u00f1o, la Secretar\u00eda de Educaci\u00f3n Ciencia Tecnolog\u00eda e Innovaci\u00f3n (SECTI) del Estado de M\u00e9xico ha capacitado a 811 docentes mediante [&hellip;]<\/p>\n","protected":false},"author":1,"featured_media":86222,"comment_status":"closed","ping_status":"closed","sticky":false,"template":"","format":"standard","meta":{"footnotes":""},"categories":[36],"tags":[],"class_list":["post-86221","post","type-post","status-publish","format-standard","has-post-thumbnail","hentry","category-edomex"],"_links":{"self":[{"href":"https:\/\/elinformante.mx\/index.php?rest_route=\/wp\/v2\/posts\/86221","targetHints":{"allow":["GET"]}}],"collection":[{"href":"https:\/\/elinformante.mx\/index.php?rest_route=\/wp\/v2\/posts"}],"about":[{"href":"https:\/\/elinformante.mx\/index.php?rest_route=\/wp\/v2\/types\/post"}],"author":[{"embeddable":true,"href":"https:\/\/elinformante.mx\/index.php?rest_route=\/wp\/v2\/users\/1"}],"replies":[{"embeddable":true,"href":"https:\/\/elinformante.mx\/index.php?rest_route=%2Fwp%2Fv2%2Fcomments&post=86221"}],"version-history":[{"count":0,"href":"https:\/\/elinformante.mx\/index.php?rest_route=\/wp\/v2\/posts\/86221\/revisions"}],"wp:featuredmedia":[{"embeddable":true,"href":"https:\/\/elinformante.mx\/index.php?rest_route=\/wp\/v2\/media\/86222"}],"wp:attachment":[{"href":"https:\/\/elinformante.mx\/index.php?rest_route=%2Fwp%2Fv2%2Fmedia&parent=86221"}],"wp:term":[{"taxonomy":"category","embeddable":true,"href":"https:\/\/elinformante.mx\/index.php?rest_route=%2Fwp%2Fv2%2Fcategories&post=86221"},{"taxonomy":"post_tag","embeddable":true,"href":"https:\/\/elinformante.mx\/index.php?rest_route=%2Fwp%2Fv2%2Ftags&post=86221"}],"curies":[{"name":"wp","href":"https:\/\/api.w.org\/{rel}","templated":true}]}}