{"id":86274,"date":"2025-06-19T17:14:54","date_gmt":"2025-06-19T23:14:54","guid":{"rendered":"https:\/\/elinformante.mx\/?p=86274"},"modified":"2025-06-19T17:14:57","modified_gmt":"2025-06-19T23:14:57","slug":"motociclista-pierde-la-vida-en-accidente-vial-en-la-toluca-atlacomulco-el-responsable-huyo","status":"publish","type":"post","link":"https:\/\/elinformante.mx\/?p=86274","title":{"rendered":"MOTOCICLISTA PIERDE LA VIDA EN ACCIDENTE VIAL EN LA TOLUCA-ATLACOMULCO; EL RESPONSABLE HUY\u00d3"},"content":{"rendered":"\n<p>La noche del mi\u00e9rcoles, un motociclista falleci\u00f3 tras ser atropellado sobre la carretera Toluca-Atlacomulco, a la altura del kil\u00f3metro 52.<\/p>\n\n\n\n<p>De acuerdo con los primeros reportes, la v\u00edctima \u2014un hombre de aproximadamente 35 a\u00f1os\u2014 fue impactado por un veh\u00edculo que se dio a la fuga, sin que hasta el momento se conozcan sus caracter\u00edsticas.<\/p>\n\n\n\n<p>Param\u00e9dicos del Servicio de Urgencias del Estado de M\u00e9xico (SUEM) acudieron al sitio, pero confirmaron que el motociclista ya no presentaba signos vitales.<\/p>\n\n\n\n<p>Elementos de la Guardia Nacional acordonaron el \u00e1rea para facilitar los trabajos de la Fiscal\u00eda General de Justicia del Estado de M\u00e9xico, quienes realizaron el levantamiento del cuerpo y las diligencias correspondientes. El cad\u00e1ver fue trasladado al Servicio M\u00e9dico Forense (SEMEFO) para su identificaci\u00f3n oficial y necropsia de ley.<\/p>\n\n\n\n<p>Las autoridades ya investigan el hecho para dar con el responsable.<\/p>\n\n\n\n<figure class=\"wp-block-image size-large\"><img fetchpriority=\"high\" decoding=\"async\" width=\"1024\" height=\"576\" src=\"https:\/\/elinformante.mx\/wp-content\/uploads\/2025\/06\/EIM-RECTANGULAR-2-1-1024x576.png\" alt=\"\" class=\"wp-image-86275\" srcset=\"https:\/\/elinformante.mx\/wp-content\/uploads\/2025\/06\/EIM-RECTANGULAR-2-1-1024x576.png 1024w, https:\/\/elinformante.mx\/wp-content\/uploads\/2025\/06\/EIM-RECTANGULAR-2-1-300x169.png 300w, https:\/\/elinformante.mx\/wp-content\/uploads\/2025\/06\/EIM-RECTANGULAR-2-1-768x432.png 768w, https:\/\/elinformante.mx\/wp-content\/uploads\/2025\/06\/EIM-RECTANGULAR-2-1-1536x864.png 1536w, https:\/\/elinformante.mx\/wp-content\/uploads\/2025\/06\/EIM-RECTANGULAR-2-1.png 1920w\" sizes=\"(max-width: 1024px) 100vw, 1024px\" \/><\/figure>\n","protected":false},"excerpt":{"rendered":"<p>La noche del mi\u00e9rcoles, un motociclista falleci\u00f3 tras ser atropellado sobre la carretera Toluca-Atlacomulco, a la altura del kil\u00f3metro 52. De acuerdo con los primeros reportes, la v\u00edctima \u2014un hombre de aproximadamente 35 a\u00f1os\u2014 fue impactado por un veh\u00edculo que se dio a la fuga, sin que hasta el momento se conozcan sus caracter\u00edsticas. Param\u00e9dicos [&hellip;]<\/p>\n","protected":false},"author":2,"featured_media":86276,"comment_status":"closed","ping_status":"closed","sticky":false,"template":"","format":"standard","meta":{"footnotes":""},"categories":[36],"tags":[],"class_list":["post-86274","post","type-post","status-publish","format-standard","has-post-thumbnail","hentry","category-edomex"],"_links":{"self":[{"href":"https:\/\/elinformante.mx\/index.php?rest_route=\/wp\/v2\/posts\/86274","targetHints":{"allow":["GET"]}}],"collection":[{"href":"https:\/\/elinformante.mx\/index.php?rest_route=\/wp\/v2\/posts"}],"about":[{"href":"https:\/\/elinformante.mx\/index.php?rest_route=\/wp\/v2\/types\/post"}],"author":[{"embeddable":true,"href":"https:\/\/elinformante.mx\/index.php?rest_route=\/wp\/v2\/users\/2"}],"replies":[{"embeddable":true,"href":"https:\/\/elinformante.mx\/index.php?rest_route=%2Fwp%2Fv2%2Fcomments&post=86274"}],"version-history":[{"count":0,"href":"https:\/\/elinformante.mx\/index.php?rest_route=\/wp\/v2\/posts\/86274\/revisions"}],"wp:featuredmedia":[{"embeddable":true,"href":"https:\/\/elinformante.mx\/index.php?rest_route=\/wp\/v2\/media\/86276"}],"wp:attachment":[{"href":"https:\/\/elinformante.mx\/index.php?rest_route=%2Fwp%2Fv2%2Fmedia&parent=86274"}],"wp:term":[{"taxonomy":"category","embeddable":true,"href":"https:\/\/elinformante.mx\/index.php?rest_route=%2Fwp%2Fv2%2Fcategories&post=86274"},{"taxonomy":"post_tag","embeddable":true,"href":"https:\/\/elinformante.mx\/index.php?rest_route=%2Fwp%2Fv2%2Ftags&post=86274"}],"curies":[{"name":"wp","href":"https:\/\/api.w.org\/{rel}","templated":true}]}}