{"id":86287,"date":"2025-06-20T05:16:49","date_gmt":"2025-06-20T11:16:49","guid":{"rendered":"https:\/\/elinformante.mx\/?p=86287"},"modified":"2025-06-20T05:16:54","modified_gmt":"2025-06-20T11:16:54","slug":"tyra-banks-reaparece-con-cambio-de-look-a-sus-51-anos","status":"publish","type":"post","link":"https:\/\/elinformante.mx\/?p=86287","title":{"rendered":"Tyra Banks reaparece con cambio de look a sus 51 a\u00f1os"},"content":{"rendered":"\n<figure class=\"wp-block-pullquote\"><blockquote><p>Ning\u00fan comunicado oficial de Tyra ha explicado los motivos exactos de este cambio de imagen.<\/p><\/blockquote><\/figure>\n\n\n\n<p class=\"has-drop-cap\">La modelo Tyra Banks sorprendi\u00f3 a todos con una transformaci\u00f3n, mostrando un look ligeramente desconcertante, recientemente inmortalizado en los Premios de Moda de Los \u00c1ngeles y en Par\u00eds, dejando a los internautas divididos y que no dudaron en expresar sus opiniones.<br><\/p>\n\n\n\n<p>Durante la ceremonia de los Premios Fashion LA 2025, Tyra Banks luci\u00f3 un look decididamente atrevido: cejas notablemente m\u00e1s pobladas, un intenso ahumado plateado, un rubor c\u00e1lido que esculpe sus p\u00f3mulos y un delicado tono rosa p\u00e1lido en los labios. Llevaba un abrigo largo marr\u00f3n oscuro con cintur\u00f3n, con el que recogi\u00f3 su Premio al \u00cdcono de la Moda.<br><\/p>\n\n\n\n<p>Banks ha cimentado su carrera en la est\u00e9tica, como modelo de Victoria\u2019s Secret y en America\u2019s Next Top Model, donde populariz\u00f3 el concepto de smizing (sonre\u00edr con los ojos).<br><\/p>\n\n\n\n<p>Su aparici\u00f3n en la Semana de la Moda de Par\u00eds, en el desfile de Balenciaga Oto\u00f1o\/Invierno 2025, lo dej\u00f3 claro: Tyra reapareci\u00f3 con las cejas decoloradas, y el look provoc\u00f3 muchos comentarios como \u201c\u00bfQu\u00e9 se ha hecho? Ya ni la reconocemos\u201d.<br><\/p>\n\n\n\n<p>Los fans reaccionaron en masa eligiendo el cambio que mostro Banks, afirmando que le favorecia al cien esta nueva imagen presentada.<br><\/p>\n\n\n\n<p>Sin embargo, no todo fue miel sobre hojuelas, algunos m\u00e1s culparon a los procedimientos cosm\u00e9ticos, otros volvieron a la tendencia de las cejas decoloradas, criticando cirug\u00edas fallidas o el uso excesivo de pegamento o lifting facial.<br><\/p>\n\n\n\n<figure class=\"wp-block-image size-large\"><img fetchpriority=\"high\" decoding=\"async\" width=\"1024\" height=\"506\" src=\"https:\/\/elinformante.mx\/wp-content\/uploads\/2025\/06\/15tyra-2-1024x506.jpg\" alt=\"\" class=\"wp-image-86289\" srcset=\"https:\/\/elinformante.mx\/wp-content\/uploads\/2025\/06\/15tyra-2-1024x506.jpg 1024w, https:\/\/elinformante.mx\/wp-content\/uploads\/2025\/06\/15tyra-2-300x148.jpg 300w, https:\/\/elinformante.mx\/wp-content\/uploads\/2025\/06\/15tyra-2-768x379.jpg 768w, https:\/\/elinformante.mx\/wp-content\/uploads\/2025\/06\/15tyra-2.jpg 1140w\" sizes=\"(max-width: 1024px) 100vw, 1024px\" \/><\/figure>\n\n\n\n<p>Otros destacaron el efecto de \u201cpiel tersa\u201d y el aspecto de \u201cIA\u201d (inteligencia artificial), sugiriendo una transformaci\u00f3n demasiado alejada de su imagen habitual.<br><\/p>\n\n\n\n<p>Ning\u00fan comunicado oficial de Tyra ha explicado los motivos exactos de este cambio de imagen.<br><\/p>\n\n\n\n<p>Sin embargo, han surgido varias teor\u00edas, la primera, es que Tyra podr\u00eda elegir un look para causar una impresi\u00f3n o iniciar una nueva fase art\u00edstica.<br><\/p>\n\n\n\n<p>O que podr\u00eda ser una declaraci\u00f3n de moda, donde las cejas decoloradas y el maquillaje plateado est\u00e1n muy de moda, especialmente en las presentaciones vanguardistas de grandes casas de moda como Balenciaga.<br><\/p>\n\n\n\n<p>Pero algunos cr\u00edticos lo atribuyen a una mala elecci\u00f3n de estilismo o maquillaje. Ir\u00f3nicamente, unas semanas despu\u00e9s, Tyra reapareci\u00f3 en un plat\u00f3 de televisi\u00f3n con un estilo m\u00e1s cl\u00e1sico, lo que gener\u00f3 comentarios muy positivos sobre su profesionalismo y naturalidad. L<br><\/p>\n\n\n\n<p>a transformaci\u00f3n de Tyra Banks a sus 51 a\u00f1os es tan controvertida como intrigante: entre la audacia creativa y la irritaci\u00f3n est\u00e9tica, simboliza la tensi\u00f3n entre la b\u00fasqueda de renovaci\u00f3n y el apego a la imagen construida.<\/p>\n","protected":false},"excerpt":{"rendered":"<p>Ning\u00fan comunicado oficial de Tyra ha explicado los motivos exactos de este cambio de imagen. La modelo Tyra Banks sorprendi\u00f3 a todos con una transformaci\u00f3n, mostrando un look ligeramente desconcertante, recientemente inmortalizado en los Premios de Moda de Los \u00c1ngeles y en Par\u00eds, dejando a los internautas divididos y que no dudaron en expresar sus [&hellip;]<\/p>\n","protected":false},"author":1,"featured_media":86288,"comment_status":"closed","ping_status":"closed","sticky":false,"template":"","format":"standard","meta":{"footnotes":""},"categories":[30,39],"tags":[],"class_list":["post-86287","post","type-post","status-publish","format-standard","has-post-thumbnail","hentry","category-destacado","category-espectaculos"],"_links":{"self":[{"href":"https:\/\/elinformante.mx\/index.php?rest_route=\/wp\/v2\/posts\/86287","targetHints":{"allow":["GET"]}}],"collection":[{"href":"https:\/\/elinformante.mx\/index.php?rest_route=\/wp\/v2\/posts"}],"about":[{"href":"https:\/\/elinformante.mx\/index.php?rest_route=\/wp\/v2\/types\/post"}],"author":[{"embeddable":true,"href":"https:\/\/elinformante.mx\/index.php?rest_route=\/wp\/v2\/users\/1"}],"replies":[{"embeddable":true,"href":"https:\/\/elinformante.mx\/index.php?rest_route=%2Fwp%2Fv2%2Fcomments&post=86287"}],"version-history":[{"count":0,"href":"https:\/\/elinformante.mx\/index.php?rest_route=\/wp\/v2\/posts\/86287\/revisions"}],"wp:featuredmedia":[{"embeddable":true,"href":"https:\/\/elinformante.mx\/index.php?rest_route=\/wp\/v2\/media\/86288"}],"wp:attachment":[{"href":"https:\/\/elinformante.mx\/index.php?rest_route=%2Fwp%2Fv2%2Fmedia&parent=86287"}],"wp:term":[{"taxonomy":"category","embeddable":true,"href":"https:\/\/elinformante.mx\/index.php?rest_route=%2Fwp%2Fv2%2Fcategories&post=86287"},{"taxonomy":"post_tag","embeddable":true,"href":"https:\/\/elinformante.mx\/index.php?rest_route=%2Fwp%2Fv2%2Ftags&post=86287"}],"curies":[{"name":"wp","href":"https:\/\/api.w.org\/{rel}","templated":true}]}}