{"id":86291,"date":"2025-06-20T05:31:38","date_gmt":"2025-06-20T11:31:38","guid":{"rendered":"https:\/\/elinformante.mx\/?p=86291"},"modified":"2025-06-20T05:31:40","modified_gmt":"2025-06-20T11:31:40","slug":"se-coloca-edson-alvarez-dentro-de-los-100-mejores-en-la-historia-del-ajax","status":"publish","type":"post","link":"https:\/\/elinformante.mx\/?p=86291","title":{"rendered":"Se coloca Edson \u00c1lvarez dentro de los 100 mejores en la historia del Ajax"},"content":{"rendered":"\n<figure class=\"wp-block-pullquote\"><blockquote><p>\u00c1lvarez ahora acompa\u00f1ar\u00e1 a leyendas como Cruyff y Van Basten en esta pared de leyendas.<\/p><\/blockquote><\/figure>\n\n\n\n<p class=\"has-drop-cap\">El equipo de Pa\u00edses Bajos, el Ajax, present\u00f3 el homenaje a los 100 grandes jugadores que han pisado la cancha del Johan Cruyff Arena, tanto en categor\u00eda femenil y varonil. Lo que ha llamado la atenci\u00f3n de la prensa mexicana es que en el homenaje, se aprecia en uno de los t\u00faneles las fotograf\u00edas de cada uno de estos futbolistas, destacando la presencia del mediocampista mexicano, Edson \u00c1lvarez.<br><\/p>\n\n\n\n<p>Y es que durante su estancia en el cuadro neerland\u00e9s, Edson fue parte de una de las mejores \u00e9pocas que vivi\u00f3 el club a lo largo de su historia. Llegando en 2019 procedente del Club Am\u00e9rica, \u00c1lvarez disput\u00f3 147 partidos oficiales, ganando 2 Ligas Eredivisie, una Copa y una Supercopa de los Pa\u00edses Bajos.<br><\/p>\n\n\n\n<figure class=\"wp-block-image size-large\"><img fetchpriority=\"high\" decoding=\"async\" width=\"1024\" height=\"506\" src=\"https:\/\/elinformante.mx\/wp-content\/uploads\/2025\/06\/14SE-COLOCA-1024x506.jpg\" alt=\"\" class=\"wp-image-86293\" srcset=\"https:\/\/elinformante.mx\/wp-content\/uploads\/2025\/06\/14SE-COLOCA-1024x506.jpg 1024w, https:\/\/elinformante.mx\/wp-content\/uploads\/2025\/06\/14SE-COLOCA-300x148.jpg 300w, https:\/\/elinformante.mx\/wp-content\/uploads\/2025\/06\/14SE-COLOCA-768x379.jpg 768w, https:\/\/elinformante.mx\/wp-content\/uploads\/2025\/06\/14SE-COLOCA.jpg 1140w\" sizes=\"(max-width: 1024px) 100vw, 1024px\" \/><\/figure>\n\n\n\n<p>A\u00fan no se sabe cuando fue que introdujeron a Edson al muro de los hist\u00f3ricos, sin embargo, no es ninguna novedad el aprecio que el Ajax tiene hacia el actual jugador del West Ham United.<br><\/p>\n\n\n\n<p>Y es que sus actuaciones con los \u201chijos de los dioses\u201d, no solo lo catalogaron como uno de los mejores mexicanos en Europa, sino tambi\u00e9n, catapultando al jugador como un referente del mediocampo en las ligas del viejo continente.<br><\/p>\n\n\n\n<p>\u00c1lvarez ahora acompa\u00f1ar\u00e1 a leyendas como Cruyff y Van Basten en esta pared de leyendas.<\/p>\n","protected":false},"excerpt":{"rendered":"<p>\u00c1lvarez ahora acompa\u00f1ar\u00e1 a leyendas como Cruyff y Van Basten en esta pared de leyendas. El equipo de Pa\u00edses Bajos, el Ajax, present\u00f3 el homenaje a los 100 grandes jugadores que han pisado la cancha del Johan Cruyff Arena, tanto en categor\u00eda femenil y varonil. Lo que ha llamado la atenci\u00f3n de la prensa mexicana [&hellip;]<\/p>\n","protected":false},"author":1,"featured_media":86292,"comment_status":"closed","ping_status":"closed","sticky":false,"template":"","format":"standard","meta":{"footnotes":""},"categories":[38],"tags":[],"class_list":["post-86291","post","type-post","status-publish","format-standard","has-post-thumbnail","hentry","category-deportes"],"_links":{"self":[{"href":"https:\/\/elinformante.mx\/index.php?rest_route=\/wp\/v2\/posts\/86291","targetHints":{"allow":["GET"]}}],"collection":[{"href":"https:\/\/elinformante.mx\/index.php?rest_route=\/wp\/v2\/posts"}],"about":[{"href":"https:\/\/elinformante.mx\/index.php?rest_route=\/wp\/v2\/types\/post"}],"author":[{"embeddable":true,"href":"https:\/\/elinformante.mx\/index.php?rest_route=\/wp\/v2\/users\/1"}],"replies":[{"embeddable":true,"href":"https:\/\/elinformante.mx\/index.php?rest_route=%2Fwp%2Fv2%2Fcomments&post=86291"}],"version-history":[{"count":0,"href":"https:\/\/elinformante.mx\/index.php?rest_route=\/wp\/v2\/posts\/86291\/revisions"}],"wp:featuredmedia":[{"embeddable":true,"href":"https:\/\/elinformante.mx\/index.php?rest_route=\/wp\/v2\/media\/86292"}],"wp:attachment":[{"href":"https:\/\/elinformante.mx\/index.php?rest_route=%2Fwp%2Fv2%2Fmedia&parent=86291"}],"wp:term":[{"taxonomy":"category","embeddable":true,"href":"https:\/\/elinformante.mx\/index.php?rest_route=%2Fwp%2Fv2%2Fcategories&post=86291"},{"taxonomy":"post_tag","embeddable":true,"href":"https:\/\/elinformante.mx\/index.php?rest_route=%2Fwp%2Fv2%2Ftags&post=86291"}],"curies":[{"name":"wp","href":"https:\/\/api.w.org\/{rel}","templated":true}]}}