{"id":86307,"date":"2025-06-20T05:41:04","date_gmt":"2025-06-20T11:41:04","guid":{"rendered":"https:\/\/elinformante.mx\/?p=86307"},"modified":"2025-06-20T05:41:05","modified_gmt":"2025-06-20T11:41:05","slug":"presenta-ramirez-ponce-plan-de-accion-hidrico-y-sanitario-de-lerma","status":"publish","type":"post","link":"https:\/\/elinformante.mx\/?p=86307","title":{"rendered":"Presenta Ram\u00edrez Ponce Plan de Acci\u00f3n H\u00eddrico y Sanitario de Lerma"},"content":{"rendered":"\n<figure class=\"wp-block-pullquote\"><blockquote><p>Se\u00f1al\u00f3 que con la colaboraci\u00f3n entre las comunidades y las autoridades auxiliares se asegurar\u00e1 que las acciones respondan a sus necesidades espec\u00edficas.<\/p><\/blockquote><\/figure>\n\n\n\n<p class=\"has-drop-cap\">El presidente municipal de Lerma, Miguel \u00c1ngel Ram\u00edrez Ponce, present\u00f3 en coordinaci\u00f3n con el organismo de agua municipal, Opdapas Lerma y autoridades auxiliares de las diferentes regiones, el \u201cPlan de Acci\u00f3n H\u00eddrico y Sanitario del Municipio de Lerma\u201d.<br><\/p>\n\n\n\n<p>Ram\u00edrez Ponce se\u00f1al\u00f3 que con este plan se buscan mejorar los servicios de agua potable e infraestructura hidr\u00e1ulica en el municipio de Lerma. Este plan contempla acciones a corto, mediano y largo plazo, basadas en las necesidades identificadas por las comunidades.<br><\/p>\n\n\n\n<figure class=\"wp-block-image size-large\"><img fetchpriority=\"high\" decoding=\"async\" width=\"1024\" height=\"506\" src=\"https:\/\/elinformante.mx\/wp-content\/uploads\/2025\/06\/12LERMA-3-1-1024x506.jpg\" alt=\"\" class=\"wp-image-86309\" srcset=\"https:\/\/elinformante.mx\/wp-content\/uploads\/2025\/06\/12LERMA-3-1-1024x506.jpg 1024w, https:\/\/elinformante.mx\/wp-content\/uploads\/2025\/06\/12LERMA-3-1-300x148.jpg 300w, https:\/\/elinformante.mx\/wp-content\/uploads\/2025\/06\/12LERMA-3-1-768x379.jpg 768w, https:\/\/elinformante.mx\/wp-content\/uploads\/2025\/06\/12LERMA-3-1.jpg 1140w\" sizes=\"(max-width: 1024px) 100vw, 1024px\" \/><\/figure>\n\n\n\n<p>Se\u00f1al\u00f3 que este plan se enfocar\u00e1 en optimizar la infraestructura relacionada con el agua potable, adem\u00e1s de brindar mejores servicios de agua potable, con la implementaci\u00f3n de acciones que garantizar\u00e1n un mejor acceso y calidad de agua para los habitantes del municipio.<br><\/p>\n\n\n\n<p>Mencion\u00f3 Ram\u00edrez Ponce que con la colaboraci\u00f3n entre las comunidades y las autoridades auxiliares se asegurar\u00e1 que las acciones respondan a sus necesidades espec\u00edficas<br><\/p>\n\n\n\n<figure class=\"wp-block-image size-large\"><img decoding=\"async\" width=\"1024\" height=\"506\" src=\"https:\/\/elinformante.mx\/wp-content\/uploads\/2025\/06\/12LERMA-4-1024x506.jpg\" alt=\"\" class=\"wp-image-86310\" srcset=\"https:\/\/elinformante.mx\/wp-content\/uploads\/2025\/06\/12LERMA-4-1024x506.jpg 1024w, https:\/\/elinformante.mx\/wp-content\/uploads\/2025\/06\/12LERMA-4-300x148.jpg 300w, https:\/\/elinformante.mx\/wp-content\/uploads\/2025\/06\/12LERMA-4-768x379.jpg 768w, https:\/\/elinformante.mx\/wp-content\/uploads\/2025\/06\/12LERMA-4.jpg 1140w\" sizes=\"(max-width: 1024px) 100vw, 1024px\" \/><\/figure>\n\n\n\n<p>Pero adem\u00e1s, mencion\u00f3 que se promover\u00e1 una cultura de cuidado y uso responsable del agua. Finaliz\u00f3 que el Opdapas Lerma ser\u00e1 el encargado de implementar este plan, trabajando en conjunto con diversas instancias para asegurar su \u00e9xito.<br><\/p>\n\n\n\n<p>\u201cReconozco el trabajo y la disposici\u00f3n del Consejo de Administraci\u00f3n del organismo, al igual que el equipo de Opdapas por su trabajo y entrega en favor de las regiones, los ciudadanos y sus familias de Lerma\u201d.<\/p>\n","protected":false},"excerpt":{"rendered":"<p>Se\u00f1al\u00f3 que con la colaboraci\u00f3n entre las comunidades y las autoridades auxiliares se asegurar\u00e1 que las acciones respondan a sus necesidades espec\u00edficas. El presidente municipal de Lerma, Miguel \u00c1ngel Ram\u00edrez Ponce, present\u00f3 en coordinaci\u00f3n con el organismo de agua municipal, Opdapas Lerma y autoridades auxiliares de las diferentes regiones, el \u201cPlan de Acci\u00f3n H\u00eddrico y [&hellip;]<\/p>\n","protected":false},"author":1,"featured_media":86308,"comment_status":"closed","ping_status":"closed","sticky":false,"template":"","format":"standard","meta":{"footnotes":""},"categories":[36],"tags":[],"class_list":["post-86307","post","type-post","status-publish","format-standard","has-post-thumbnail","hentry","category-edomex"],"_links":{"self":[{"href":"https:\/\/elinformante.mx\/index.php?rest_route=\/wp\/v2\/posts\/86307","targetHints":{"allow":["GET"]}}],"collection":[{"href":"https:\/\/elinformante.mx\/index.php?rest_route=\/wp\/v2\/posts"}],"about":[{"href":"https:\/\/elinformante.mx\/index.php?rest_route=\/wp\/v2\/types\/post"}],"author":[{"embeddable":true,"href":"https:\/\/elinformante.mx\/index.php?rest_route=\/wp\/v2\/users\/1"}],"replies":[{"embeddable":true,"href":"https:\/\/elinformante.mx\/index.php?rest_route=%2Fwp%2Fv2%2Fcomments&post=86307"}],"version-history":[{"count":0,"href":"https:\/\/elinformante.mx\/index.php?rest_route=\/wp\/v2\/posts\/86307\/revisions"}],"wp:featuredmedia":[{"embeddable":true,"href":"https:\/\/elinformante.mx\/index.php?rest_route=\/wp\/v2\/media\/86308"}],"wp:attachment":[{"href":"https:\/\/elinformante.mx\/index.php?rest_route=%2Fwp%2Fv2%2Fmedia&parent=86307"}],"wp:term":[{"taxonomy":"category","embeddable":true,"href":"https:\/\/elinformante.mx\/index.php?rest_route=%2Fwp%2Fv2%2Fcategories&post=86307"},{"taxonomy":"post_tag","embeddable":true,"href":"https:\/\/elinformante.mx\/index.php?rest_route=%2Fwp%2Fv2%2Ftags&post=86307"}],"curies":[{"name":"wp","href":"https:\/\/api.w.org\/{rel}","templated":true}]}}