{"id":86327,"date":"2025-06-20T05:58:45","date_gmt":"2025-06-20T11:58:45","guid":{"rendered":"https:\/\/elinformante.mx\/?p=86327"},"modified":"2025-06-20T05:58:51","modified_gmt":"2025-06-20T11:58:51","slug":"uaemex-avanza-en-los-dialogos-evaluara-el-consejo-estudiantil-todas-las-propuestas","status":"publish","type":"post","link":"https:\/\/elinformante.mx\/?p=86327","title":{"rendered":"UAEM\u00e9x avanza en los di\u00e1logos; evaluar\u00e1 el Consejo Estudiantil todas las propuestas"},"content":{"rendered":"\n<figure class=\"wp-block-pullquote\"><blockquote><p>Tambi\u00e9n se acord\u00f3 que no se recabar\u00e1n datos personales y que quienes ya hab\u00edan participado en la primera consulta podr\u00e1n emitir su opini\u00f3n nuevamente.<\/p><\/blockquote><\/figure>\n\n\n\n<p class=\"has-drop-cap\">En el Teatro Universitario de C\u00e1mara \u201cEsv\u00f3n Gamaliel\u201d, dentro del edificio de Rector\u00eda, la segunda mesa de di\u00e1logo comenz\u00f3 a las 10:30 horas entre el Enjambre Estudiantil Unificado de la Universidad Aut\u00f3noma del Estado de M\u00e9xico (UAEM\u00e9x), la Comisi\u00f3n Especial para el Di\u00e1logo, la Comisi\u00f3n de Legislaci\u00f3n Universitaria y el Consejo Universitario.<br><\/p>\n\n\n\n<p>Durante el encuentro se aprobaron las propuestas de reforma a los art\u00edculos 105 y 111, adem\u00e1s de adicionarse el art\u00edculo 105 Bis. Cabe destacar que la modificaci\u00f3n de estos art\u00edculos representa \u00fanicamente propuestas aprobadas que ser\u00e1n consideradas por el Consejo Universitario y, posteriormente, sometidas a consulta.<br><\/p>\n\n\n\n<p>Asimismo, se dio a conocer que este mismo d\u00eda se llevar\u00e1 a cabo una sesi\u00f3n del Consejo Universitario, la cual estaba prevista tras concluir la consulta en l\u00ednea el pasado 18 de junio. En dicha sesi\u00f3n se prev\u00e9 aprobar la ampliaci\u00f3n del periodo de consulta, que se extender\u00eda hasta el 25 de junio, adem\u00e1s de informar a la totalidad del Consejo sobre el trabajo conjunto con el Enjambre Estudiantil Unificado respecto a los art\u00edculos mencionados.<br><\/p>\n\n\n\n<p>En cuanto a la consulta en l\u00ednea, los universitarios lograron un acuerdo para mantener el formato original, el cual permite el acceso \u00fanicamente mediante el correo institucional, al considerar que esta es la \u00fanica v\u00eda para garantizar la participaci\u00f3n leg\u00edtima de la comunidad estudiantil.<br><\/p>\n\n\n\n<p>Tambi\u00e9n se acord\u00f3 que no se recabar\u00e1n datos personales y que quienes ya hab\u00edan participado en la primera consulta podr\u00e1n emitir su opini\u00f3n nuevamente bajo las nuevas propuestas acordadas en conjunto con el Enjambre, conservando las opiniones recabadas anteriormente.<\/p>\n","protected":false},"excerpt":{"rendered":"<p>Tambi\u00e9n se acord\u00f3 que no se recabar\u00e1n datos personales y que quienes ya hab\u00edan participado en la primera consulta podr\u00e1n emitir su opini\u00f3n nuevamente. En el Teatro Universitario de C\u00e1mara \u201cEsv\u00f3n Gamaliel\u201d, dentro del edificio de Rector\u00eda, la segunda mesa de di\u00e1logo comenz\u00f3 a las 10:30 horas entre el Enjambre Estudiantil Unificado de la Universidad [&hellip;]<\/p>\n","protected":false},"author":1,"featured_media":86328,"comment_status":"closed","ping_status":"closed","sticky":false,"template":"","format":"standard","meta":{"footnotes":""},"categories":[30,36],"tags":[],"class_list":["post-86327","post","type-post","status-publish","format-standard","has-post-thumbnail","hentry","category-destacado","category-edomex"],"_links":{"self":[{"href":"https:\/\/elinformante.mx\/index.php?rest_route=\/wp\/v2\/posts\/86327","targetHints":{"allow":["GET"]}}],"collection":[{"href":"https:\/\/elinformante.mx\/index.php?rest_route=\/wp\/v2\/posts"}],"about":[{"href":"https:\/\/elinformante.mx\/index.php?rest_route=\/wp\/v2\/types\/post"}],"author":[{"embeddable":true,"href":"https:\/\/elinformante.mx\/index.php?rest_route=\/wp\/v2\/users\/1"}],"replies":[{"embeddable":true,"href":"https:\/\/elinformante.mx\/index.php?rest_route=%2Fwp%2Fv2%2Fcomments&post=86327"}],"version-history":[{"count":0,"href":"https:\/\/elinformante.mx\/index.php?rest_route=\/wp\/v2\/posts\/86327\/revisions"}],"wp:featuredmedia":[{"embeddable":true,"href":"https:\/\/elinformante.mx\/index.php?rest_route=\/wp\/v2\/media\/86328"}],"wp:attachment":[{"href":"https:\/\/elinformante.mx\/index.php?rest_route=%2Fwp%2Fv2%2Fmedia&parent=86327"}],"wp:term":[{"taxonomy":"category","embeddable":true,"href":"https:\/\/elinformante.mx\/index.php?rest_route=%2Fwp%2Fv2%2Fcategories&post=86327"},{"taxonomy":"post_tag","embeddable":true,"href":"https:\/\/elinformante.mx\/index.php?rest_route=%2Fwp%2Fv2%2Ftags&post=86327"}],"curies":[{"name":"wp","href":"https:\/\/api.w.org\/{rel}","templated":true}]}}