{"id":86330,"date":"2025-06-20T06:05:42","date_gmt":"2025-06-20T12:05:42","guid":{"rendered":"https:\/\/elinformante.mx\/?p=86330"},"modified":"2025-06-20T06:05:44","modified_gmt":"2025-06-20T12:05:44","slug":"edomex-impulsa-aprovechamiento-productivo-de-remesas-y-certificaciones-hecho-en-mexico-laura-gonzalez","status":"publish","type":"post","link":"https:\/\/elinformante.mx\/?p=86330","title":{"rendered":"Edom\u00e9x impulsa aprovechamiento productivo de remesas y certificaciones \u201cHecho en M\u00e9xico\u201d: Laura Gonz\u00e1lez"},"content":{"rendered":"\n<figure class=\"wp-block-pullquote\"><blockquote><p>Inform\u00f3 que el Estado de M\u00e9xico ha propuesto cerca de 20 empresas de los sectores industrial y comercial para obtener la certificaci\u00f3n.<\/p><\/blockquote><\/figure>\n\n\n\n<p class=\"has-drop-cap\">La secretaria de Desarrollo Econ\u00f3mico del Estado de M\u00e9xico, Laura Gonz\u00e1lez Hern\u00e1ndez, subray\u00f3 la relevancia de las remesas enviadas por migrantes mexicanos, al destacar su impacto en el consumo local y su potencial para convertirse en oportunidades productivas dentro del territorio mexiquense.<br><\/p>\n\n\n\n<p>Explic\u00f3 que si bien su dependencia no atiende directamente a personas migrantes, colabora de manera interinstitucional con \u00e1reas como la Secretar\u00eda del Trabajo y la Unidad de Asuntos Internacionales para canalizar apoyos a repatriados o personas en situaci\u00f3n de retorno.<br><\/p>\n\n\n\n<p>Se\u00f1al\u00f3 que el impacto m\u00e1s visible de las remesas, se refleja en el consumo en comercios locales. En cuanto a su reinserci\u00f3n laboral, la Secretar\u00eda del Trabajo cuenta con mecanismos para vincularlos con generadores de empleo. Y afirm\u00f3 que desde su trinchera, el gobierno estatal promueve que las empresas est\u00e9n abiertas a integrar a este y otros sectores vulnerables, detall\u00f3.<br><\/p>\n\n\n\n<p>Gonz\u00e1lez Hern\u00e1ndez inform\u00f3 que el Estado de M\u00e9xico ha propuesto cerca de 20 empresas de los sectores industrial y comercial para obtener la certificaci\u00f3n \u201cHecho en M\u00e9xico\u201d. Sin embargo, record\u00f3 que el otorgamiento de este distintivo depende de los lineamientos establecidos por la Secretar\u00eda de Econom\u00eda federal, que es la instancia responsable del padr\u00f3n oficial.<br><\/p>\n\n\n\n<p>\u201cEl sello no se otorga de manera autom\u00e1tica. Las empresas deben cumplir con requisitos t\u00e9cnicos y operativos espec\u00edficos. Nosotros proponemos, pero es la Federaci\u00f3n quien determina su procedencia\u201d, explic\u00f3.<br><\/p>\n\n\n\n<p>La funcionaria concluy\u00f3 reiterando que uno de los principales objetivos de su gesti\u00f3n es fortalecer las condiciones para la inversi\u00f3n formal, fomentar la creaci\u00f3n de empleos de calidad y reconocer el esfuerzo empresarial que impulsa el desarrollo econ\u00f3mico con identidad nacional.<\/p>\n","protected":false},"excerpt":{"rendered":"<p>Inform\u00f3 que el Estado de M\u00e9xico ha propuesto cerca de 20 empresas de los sectores industrial y comercial para obtener la certificaci\u00f3n. La secretaria de Desarrollo Econ\u00f3mico del Estado de M\u00e9xico, Laura Gonz\u00e1lez Hern\u00e1ndez, subray\u00f3 la relevancia de las remesas enviadas por migrantes mexicanos, al destacar su impacto en el consumo local y su potencial [&hellip;]<\/p>\n","protected":false},"author":1,"featured_media":86331,"comment_status":"closed","ping_status":"closed","sticky":false,"template":"","format":"standard","meta":{"footnotes":""},"categories":[36],"tags":[],"class_list":["post-86330","post","type-post","status-publish","format-standard","has-post-thumbnail","hentry","category-edomex"],"_links":{"self":[{"href":"https:\/\/elinformante.mx\/index.php?rest_route=\/wp\/v2\/posts\/86330","targetHints":{"allow":["GET"]}}],"collection":[{"href":"https:\/\/elinformante.mx\/index.php?rest_route=\/wp\/v2\/posts"}],"about":[{"href":"https:\/\/elinformante.mx\/index.php?rest_route=\/wp\/v2\/types\/post"}],"author":[{"embeddable":true,"href":"https:\/\/elinformante.mx\/index.php?rest_route=\/wp\/v2\/users\/1"}],"replies":[{"embeddable":true,"href":"https:\/\/elinformante.mx\/index.php?rest_route=%2Fwp%2Fv2%2Fcomments&post=86330"}],"version-history":[{"count":0,"href":"https:\/\/elinformante.mx\/index.php?rest_route=\/wp\/v2\/posts\/86330\/revisions"}],"wp:featuredmedia":[{"embeddable":true,"href":"https:\/\/elinformante.mx\/index.php?rest_route=\/wp\/v2\/media\/86331"}],"wp:attachment":[{"href":"https:\/\/elinformante.mx\/index.php?rest_route=%2Fwp%2Fv2%2Fmedia&parent=86330"}],"wp:term":[{"taxonomy":"category","embeddable":true,"href":"https:\/\/elinformante.mx\/index.php?rest_route=%2Fwp%2Fv2%2Fcategories&post=86330"},{"taxonomy":"post_tag","embeddable":true,"href":"https:\/\/elinformante.mx\/index.php?rest_route=%2Fwp%2Fv2%2Ftags&post=86330"}],"curies":[{"name":"wp","href":"https:\/\/api.w.org\/{rel}","templated":true}]}}