{"id":86354,"date":"2025-06-20T06:30:45","date_gmt":"2025-06-20T12:30:45","guid":{"rendered":"https:\/\/elinformante.mx\/?p=86354"},"modified":"2025-06-20T06:30:59","modified_gmt":"2025-06-20T12:30:59","slug":"capacitan-en-baja-california-a-personal-del-cea-y-seproa-en-materia-de-igualdad-y-violencia-de-genero","status":"publish","type":"post","link":"https:\/\/elinformante.mx\/?p=86354","title":{"rendered":"Capacitan en Baja California a personal del CEA y SEPROA en materia de igualdad y violencia de g\u00e9nero"},"content":{"rendered":"\n<figure class=\"wp-block-pullquote\"><blockquote><p>Esta capacitaci\u00f3n permitir\u00e1 tambi\u00e9n sensibilizar sobre la prevenci\u00f3n de cualquier forma de discriminaci\u00f3n.<\/p><\/blockquote><\/figure>\n\n\n\n<p class=\"has-drop-cap\">Con la finalidad de fortalecer la cultura de respeto, inclusi\u00f3n e igualdad, inici\u00f3 el curso \u201cIgualdad y Perspectiva de G\u00e9nero\u201d impartido por el Instituto de la Mujer al personal de la Comisi\u00f3n Estatal del Agua (CEA) y de la Secretar\u00eda para el Manejo, Saneamiento y Protecci\u00f3n del Agua (SEPROA)<br><\/p>\n\n\n\n<p>El secretario del Agua, V\u00edctor Daniel Amador Barrag\u00e1n, explic\u00f3 que esta capacitaci\u00f3n permitir\u00e1 tambi\u00e9n sensibilizar sobre la prevenci\u00f3n de cualquier forma de discriminaci\u00f3n o violencia de g\u00e9nero, acorde a la pol\u00edtica de gobierno de la gobernadora Marina del Pilar Avila Olmeda.<br><\/p>\n\n\n\n<p>Indic\u00f3 que esta primera jornada de capacitaci\u00f3n se dividir\u00e1 en etapas, donde se impartir\u00e1 el curso en diferentes modalidades, tanto presencial como virtual.<br><\/p>\n\n\n\n<p>\u201cPara un mayor alcance y facilitar la participaci\u00f3n de todo el personal cada etapa cubrir\u00e1 las \u00e1reas geogr\u00e1ficas de las oficinas de la CEA-SEPROA, as\u00ed mismo se podr\u00e1 acceder al curso de manera virtual\u201d, sostuvo Amador Barrag\u00e1n.<br><\/p>\n\n\n\n<p>El funcionario estatal resalt\u00f3 la importancia de la capacitaci\u00f3n pues permite a los servidores p\u00fablicos brindar una atenci\u00f3n actualizada acorde a los est\u00e1ndares que la sociedad exige actualmente.<br><\/p>\n\n\n\n<p>De igual manera, agradeci\u00f3 la disposici\u00f3n del Inmujer para reforzar la visi\u00f3n y las pol\u00edticas p\u00fablicas que combaten a la violencia de g\u00e9nero y cualquier tipo de discriminaci\u00f3n.<\/p>\n","protected":false},"excerpt":{"rendered":"<p>Esta capacitaci\u00f3n permitir\u00e1 tambi\u00e9n sensibilizar sobre la prevenci\u00f3n de cualquier forma de discriminaci\u00f3n. Con la finalidad de fortalecer la cultura de respeto, inclusi\u00f3n e igualdad, inici\u00f3 el curso \u201cIgualdad y Perspectiva de G\u00e9nero\u201d impartido por el Instituto de la Mujer al personal de la Comisi\u00f3n Estatal del Agua (CEA) y de la Secretar\u00eda para el [&hellip;]<\/p>\n","protected":false},"author":1,"featured_media":86355,"comment_status":"closed","ping_status":"closed","sticky":false,"template":"","format":"standard","meta":{"footnotes":""},"categories":[34],"tags":[],"class_list":["post-86354","post","type-post","status-publish","format-standard","has-post-thumbnail","hentry","category-nacional"],"_links":{"self":[{"href":"https:\/\/elinformante.mx\/index.php?rest_route=\/wp\/v2\/posts\/86354","targetHints":{"allow":["GET"]}}],"collection":[{"href":"https:\/\/elinformante.mx\/index.php?rest_route=\/wp\/v2\/posts"}],"about":[{"href":"https:\/\/elinformante.mx\/index.php?rest_route=\/wp\/v2\/types\/post"}],"author":[{"embeddable":true,"href":"https:\/\/elinformante.mx\/index.php?rest_route=\/wp\/v2\/users\/1"}],"replies":[{"embeddable":true,"href":"https:\/\/elinformante.mx\/index.php?rest_route=%2Fwp%2Fv2%2Fcomments&post=86354"}],"version-history":[{"count":0,"href":"https:\/\/elinformante.mx\/index.php?rest_route=\/wp\/v2\/posts\/86354\/revisions"}],"wp:featuredmedia":[{"embeddable":true,"href":"https:\/\/elinformante.mx\/index.php?rest_route=\/wp\/v2\/media\/86355"}],"wp:attachment":[{"href":"https:\/\/elinformante.mx\/index.php?rest_route=%2Fwp%2Fv2%2Fmedia&parent=86354"}],"wp:term":[{"taxonomy":"category","embeddable":true,"href":"https:\/\/elinformante.mx\/index.php?rest_route=%2Fwp%2Fv2%2Fcategories&post=86354"},{"taxonomy":"post_tag","embeddable":true,"href":"https:\/\/elinformante.mx\/index.php?rest_route=%2Fwp%2Fv2%2Ftags&post=86354"}],"curies":[{"name":"wp","href":"https:\/\/api.w.org\/{rel}","templated":true}]}}