{"id":86367,"date":"2025-06-20T06:45:19","date_gmt":"2025-06-20T12:45:19","guid":{"rendered":"https:\/\/elinformante.mx\/?p=86367"},"modified":"2025-06-20T06:45:21","modified_gmt":"2025-06-20T12:45:21","slug":"guerra-comercial-y-crecimiento-economico","status":"publish","type":"post","link":"https:\/\/elinformante.mx\/?p=86367","title":{"rendered":"GUERRA COMERCIAL Y CRECIMIENTO ECON\u00d3MICO"},"content":{"rendered":"\n<figure class=\"wp-block-pullquote\"><blockquote><p><strong>Por: Sergio Mota Mar\u00edn<\/strong><br>Las pol\u00edticas migratorias y comerciales de Trump generan tensiones globales, impactos econ\u00f3micos negativos y amenazas autoritarias, mientras crecen los desaf\u00edos democr\u00e1ticos ante potencias emergentes y en Estados Unidos en retirada.<\/p><\/blockquote><\/figure>\n\n\n\n<p class=\"has-drop-cap\">Ya es un hecho que la guerra comercial iniciada por el actual gobierno norteamericano est\u00e1 afectando el crecimiento econ\u00f3mico mundial. En el estudio sobre las perspectivas econ\u00f3micas para este a\u00f1o, realizado por la OCDE, advierte la menor expansi\u00f3n. Adem\u00e1s, Estados Unidos refleja la peor situaci\u00f3n en relaci\u00f3n con los otros pa\u00edses. Pasa de un crecimiento de 2.8% en el 2024 a una estimaci\u00f3n de 1.6% para este a\u00f1o.<br><\/p>\n\n\n\n<p>De manera coincidente, despu\u00e9s de su ruptura personal con Trump, Elon Musk declar\u00f3: \u201cLos aranceles de Trump provocar\u00e1n una recesi\u00f3n en la segunda mitad del a\u00f1o\u201d.<br><\/p>\n\n\n\n<p>Hay el consenso internacional de que las tendencias recesivas deber\u00edan conducir a una reconsideraci\u00f3n de la pol\u00edtica arancelaria de EU. Sin embargo, tanto los aranceles como la migraci\u00f3n son dos cuestiones importantes para Trump.<br><\/p>\n\n\n\n<p>Pero aun as\u00ed es posible cambiar las tendencias. Estados Unidos solo representa el 15% del comercio mundial. Si los pa\u00edses que tienen el 85% se unen para imponer sus propios aranceles a las exportaciones norteamericanas, podr\u00eda retroceder el gobierno de Estados Unidos.<br><\/p>\n\n\n\n<p>Trump ha instrumentado su odio a la migraci\u00f3n con medidas represivas y criminalizado las protestas ciudadanas. Culpa al gobernador de California por su posici\u00f3n favorable a la migraci\u00f3n, misma que es muy importante para el estado y para el pa\u00eds. El gobernador ha declarado: \u201cLa amenaza de Trump de arrestarme es un paso inequ\u00edvoco hacia el autoritarismo; es una decisi\u00f3n demente y dictatorial\u201d.<br><\/p>\n\n\n\n<p>Ante las detenciones que est\u00e1 realizando el gobierno de EU a muchos mexicanos que emigraron a ese pa\u00eds para trabajar, la presidenta de M\u00e9xico ha declarado: \u201cHay que retomar el di\u00e1logo bilateral y trabajar en una reforma migratoria integral\u201d.<br><\/p>\n\n\n\n<p>Las deportaciones est\u00e1n como amenaza. Si Trump cumple sus promesas de realizar deportaciones masivas, podr\u00eda provocar un da\u00f1o considerable a la econom\u00eda norteamericana. Hay c\u00e1lculos que advierten que si las deportaciones masivas alcanzan a 1.3 o a 8 millones de personas, podr\u00eda afectarse entre 1% y el 7% del PIB de Estados Unidos. Como resultado de la gesti\u00f3n de empresarios de las actividades agropecuarias y hoteleras, Trump decidi\u00f3 excluir de deportaci\u00f3n a personal que labora en estas actividades. Trump lanza decisiones de gobierno que despu\u00e9s modifica por la presi\u00f3n que ejercen los afectados. Todo es negociable.<br><\/p>\n\n\n\n<p>La relaci\u00f3n de M\u00e9xico con Estados Unidos est\u00e1 afectada por lo inesperado de las decisiones de Trump. Contra nuestro comercio exterior est\u00e1n los aranceles, contra las remesas est\u00e1 la menor actividad econ\u00f3mica, contra la inversi\u00f3n extranjera directa est\u00e1n las resistencias alentadas por el gobierno de Trump y contra el turismo est\u00e1n los menores ingresos de la sociedad.<br><\/p>\n\n\n\n<p>Internacionalmente estamos observando los despotismos estilo ruso, un imperio chino en ascenso y en Estados Unidos en retirada y dando golpes por doquier. La democracia depender\u00e1 de la solidaridad de los pa\u00edses que han sido marginados y el encuentro de nuevos remedios para hacer las correcciones necesarias.<\/p>\n","protected":false},"excerpt":{"rendered":"<p>Por: Sergio Mota Mar\u00ednLas pol\u00edticas migratorias y comerciales de Trump generan tensiones globales, impactos econ\u00f3micos negativos y amenazas autoritarias, mientras crecen los desaf\u00edos democr\u00e1ticos ante potencias emergentes y en Estados Unidos en retirada. Ya es un hecho que la guerra comercial iniciada por el actual gobierno norteamericano est\u00e1 afectando el crecimiento econ\u00f3mico mundial. En el [&hellip;]<\/p>\n","protected":false},"author":1,"featured_media":86368,"comment_status":"closed","ping_status":"closed","sticky":false,"template":"","format":"standard","meta":{"footnotes":""},"categories":[32],"tags":[],"class_list":["post-86367","post","type-post","status-publish","format-standard","has-post-thumbnail","hentry","category-editorial"],"_links":{"self":[{"href":"https:\/\/elinformante.mx\/index.php?rest_route=\/wp\/v2\/posts\/86367","targetHints":{"allow":["GET"]}}],"collection":[{"href":"https:\/\/elinformante.mx\/index.php?rest_route=\/wp\/v2\/posts"}],"about":[{"href":"https:\/\/elinformante.mx\/index.php?rest_route=\/wp\/v2\/types\/post"}],"author":[{"embeddable":true,"href":"https:\/\/elinformante.mx\/index.php?rest_route=\/wp\/v2\/users\/1"}],"replies":[{"embeddable":true,"href":"https:\/\/elinformante.mx\/index.php?rest_route=%2Fwp%2Fv2%2Fcomments&post=86367"}],"version-history":[{"count":0,"href":"https:\/\/elinformante.mx\/index.php?rest_route=\/wp\/v2\/posts\/86367\/revisions"}],"wp:featuredmedia":[{"embeddable":true,"href":"https:\/\/elinformante.mx\/index.php?rest_route=\/wp\/v2\/media\/86368"}],"wp:attachment":[{"href":"https:\/\/elinformante.mx\/index.php?rest_route=%2Fwp%2Fv2%2Fmedia&parent=86367"}],"wp:term":[{"taxonomy":"category","embeddable":true,"href":"https:\/\/elinformante.mx\/index.php?rest_route=%2Fwp%2Fv2%2Fcategories&post=86367"},{"taxonomy":"post_tag","embeddable":true,"href":"https:\/\/elinformante.mx\/index.php?rest_route=%2Fwp%2Fv2%2Ftags&post=86367"}],"curies":[{"name":"wp","href":"https:\/\/api.w.org\/{rel}","templated":true}]}}