{"id":86370,"date":"2025-06-20T06:52:27","date_gmt":"2025-06-20T12:52:27","guid":{"rendered":"https:\/\/elinformante.mx\/?p=86370"},"modified":"2025-06-20T06:52:31","modified_gmt":"2025-06-20T12:52:31","slug":"mexico-el-pais-mas-peligroso-para-alcaldes-y-funcionarios-en-el-mundo-acled","status":"publish","type":"post","link":"https:\/\/elinformante.mx\/?p=86370","title":{"rendered":"M\u00c9XICO EL PA\u00cdS M\u00c1S PELIGROSO PARA ALCALDES Y FUNCIONARIOS EN EL MUNDO: ACLED"},"content":{"rendered":"\n<figure class=\"wp-block-pullquote\"><blockquote><p>En el \u00cdndice de Conflictos 2024 de la ACLED, M\u00e9xico hab\u00eda aparecido como el pa\u00eds sin una guerra regular m\u00e1s peligroso y violento del mundo.<\/p><\/blockquote><\/figure>\n\n\n\n<p class=\"has-drop-cap\">De acuerdo a un informe de ACLED (Datos y Ubicaci\u00f3n de Conflictos Armados) alert\u00f3 que M\u00e9xico se ha convertido en el pa\u00eds m\u00e1s peligroso para funcionarios p\u00fablicos locales, entre ellos alcaldes, concejales y empleados de gobiernos en el mundo.<br><\/p>\n\n\n\n<p>En el informe mencion\u00f3 que existen al menos 324 eventos de violencia, como asesinatos, ataques armados, secuestros y desapariciones de funcionarios p\u00fablicos, lo que represente un 29% m\u00e1s que en 2023, superando a pa\u00edses con conflictos armados internos, como Myanmar.<br><\/p>\n\n\n\n<p>En el informe, tambi\u00e9n incluy\u00f3 a empleados de gobiernos subnacionales, como el caso de Ximena Guzm\u00e1n, secretaria particular de la jefa de Gobierno de la Ciudad de M\u00e9xico, Clara Brugada, y de su asesor Jos\u00e9 Mu\u00f1oz, asesinados el pasado 20 de mayo.<br><\/p>\n\n\n\n<p>Se incluyen adem\u00e1s los asesinatos del presidente municipal de Tac\u00e1mbaro, Michoac\u00e1n, Salvador Bastida Garc\u00eda, y su escolta, Pastor Cortez \u00c1lvarez, victimados a balazos durante la madrugada del 4 de junio.<br><\/p>\n\n\n\n<figure class=\"wp-block-image size-large\"><img fetchpriority=\"high\" decoding=\"async\" width=\"1024\" height=\"506\" src=\"https:\/\/elinformante.mx\/wp-content\/uploads\/2025\/06\/9mexico-2-1024x506.jpg\" alt=\"\" class=\"wp-image-86373\" srcset=\"https:\/\/elinformante.mx\/wp-content\/uploads\/2025\/06\/9mexico-2-1024x506.jpg 1024w, https:\/\/elinformante.mx\/wp-content\/uploads\/2025\/06\/9mexico-2-300x148.jpg 300w, https:\/\/elinformante.mx\/wp-content\/uploads\/2025\/06\/9mexico-2-768x379.jpg 768w, https:\/\/elinformante.mx\/wp-content\/uploads\/2025\/06\/9mexico-2.jpg 1140w\" sizes=\"(max-width: 1024px) 100vw, 1024px\" \/><\/figure>\n\n\n\n<p>Sandra Pellegrini, analista de ACLED para Am\u00e9rica Latina, mencion\u00f3 que estos ataques son un indicador preocupante de que en 2025 las figuras pol\u00edticas, especialmente a nivel local, contin\u00faan estando bajo amenaza.<br><\/p>\n\n\n\n<p>Pero mencion\u00f3 que no se puede afirmar que este 2025 ser\u00e1 el a\u00f1o m\u00e1s violento, a pesar de estos terribles episodios ocurridos de manera reciente.<br><\/p>\n\n\n\n<p>Asegur\u00f3 que en este primer semestre del a\u00f1o se han producido menos ataques contra funcionarios locales que en el mismo periodo de 2024, un a\u00f1o electoral que fue especialmente violento en M\u00e9xico.<br><\/p>\n\n\n\n<figure class=\"wp-block-image size-large\"><img decoding=\"async\" width=\"1024\" height=\"506\" src=\"https:\/\/elinformante.mx\/wp-content\/uploads\/2025\/06\/9mexico-3-1024x506.jpg\" alt=\"\" class=\"wp-image-86374\" srcset=\"https:\/\/elinformante.mx\/wp-content\/uploads\/2025\/06\/9mexico-3-1024x506.jpg 1024w, https:\/\/elinformante.mx\/wp-content\/uploads\/2025\/06\/9mexico-3-300x148.jpg 300w, https:\/\/elinformante.mx\/wp-content\/uploads\/2025\/06\/9mexico-3-768x379.jpg 768w, https:\/\/elinformante.mx\/wp-content\/uploads\/2025\/06\/9mexico-3.jpg 1140w\" sizes=\"(max-width: 1024px) 100vw, 1024px\" \/><\/figure>\n\n\n\n<p>Se\u00f1al\u00f3 que el caso de Veracruz es un buen ejemplo, donde, seg\u00fan los datos recopilados por la ACLED, muestran que entre mayo \u00faltimo y lo que va de junio se produjo un repunte en los incidentes contra actores pol\u00edticos locales, incluyendo a autoridades electorales, as\u00ed como episodios de protestas y disturbios poselectorales.<br><\/p>\n\n\n\n<p>Las disputas por el control pol\u00edtico entre distintos actores locales de poder y los ataques presuntamente vinculados al crimen organizado contin\u00faan ocurriendo al margen del calendario electoral, se\u00f1ala.<br><\/p>\n\n\n\n<p>Pellegrini plantea que el proceso de reconfiguraci\u00f3n de la delincuencia organizada, en particular el vinculado a las disputas al interior del C\u00e1rtel de Sinaloa, tambi\u00e9n podr\u00edan estar generando nuevos focos de disputa criminal y un mayor riesgo para las figuras pol\u00edticas, porque se podr\u00edan convertir en blanco de armados que buscan reforzar su control de recursos y posiciones de poder a nivel local.<br><\/p>\n\n\n\n<figure class=\"wp-block-image size-large\"><img decoding=\"async\" width=\"1024\" height=\"506\" src=\"https:\/\/elinformante.mx\/wp-content\/uploads\/2025\/06\/9mexico-5-1024x506.jpg\" alt=\"\" class=\"wp-image-86375\" srcset=\"https:\/\/elinformante.mx\/wp-content\/uploads\/2025\/06\/9mexico-5-1024x506.jpg 1024w, https:\/\/elinformante.mx\/wp-content\/uploads\/2025\/06\/9mexico-5-300x148.jpg 300w, https:\/\/elinformante.mx\/wp-content\/uploads\/2025\/06\/9mexico-5-768x379.jpg 768w, https:\/\/elinformante.mx\/wp-content\/uploads\/2025\/06\/9mexico-5.jpg 1140w\" sizes=\"(max-width: 1024px) 100vw, 1024px\" \/><\/figure>\n\n\n\n<p>ACLED se\u00f1al\u00f3 que los estados donde est\u00e1 m\u00e1s presente la violencia son estados disputados por grupos criminales, como Guerrero, Veracruz, Michoac\u00e1n, Sinaloa y Guanajuato.<br><\/p>\n\n\n\n<p>Chiapas se convirti\u00f3 en el segundo estado m\u00e1s violento para los funcionarios locales, casi la mitad de los ataques ocurrieron en el contexto de las elecciones, y la mayor parte se debi\u00f3 a que simpatizantes de partidos da\u00f1aron material electoral y propiedades para obstruir o impugnar los resultados.<br><\/p>\n\n\n\n<p>Durante 2024 los pa\u00edses m\u00e1s violentos para funcionarios locales M\u00e9xico, Myanmar, India, Nigeria y Filipinas.<br><\/p>\n\n\n\n<figure class=\"wp-block-image size-large\"><img loading=\"lazy\" decoding=\"async\" width=\"1024\" height=\"506\" src=\"https:\/\/elinformante.mx\/wp-content\/uploads\/2025\/06\/9mexico-6-1024x506.jpg\" alt=\"\" class=\"wp-image-86376\" srcset=\"https:\/\/elinformante.mx\/wp-content\/uploads\/2025\/06\/9mexico-6-1024x506.jpg 1024w, https:\/\/elinformante.mx\/wp-content\/uploads\/2025\/06\/9mexico-6-300x148.jpg 300w, https:\/\/elinformante.mx\/wp-content\/uploads\/2025\/06\/9mexico-6-768x379.jpg 768w, https:\/\/elinformante.mx\/wp-content\/uploads\/2025\/06\/9mexico-6.jpg 1140w\" sizes=\"(max-width: 1024px) 100vw, 1024px\" \/><\/figure>\n\n\n\n<p>La ACLED expone que los picos de violencia provocados por el cambiante panorama criminal en M\u00e9xico muestran que el riesgo para los funcionarios locales no se limita a los periodos electorales y de transici\u00f3n pol\u00edtica.<br><\/p>\n\n\n\n<p>Sinaloa ha mantenido un incremento en la violencia por la lucha interna de poder entre Los Chapitos y Los Mayos, sobre todo, desp\u00faes de septiembre cuando se desencaden\u00f3 un aumento de los incidentes.<br><\/p>\n\n\n\n<p>Los ataques a funcionarios locales responden a intentos de los grupos armados de presionar a las autoridades para que favorezcan sus intereses en detrimento de los de sus rivales en su disputa territorial y refuercen el control y la influencia en las operaciones policiales.<\/p>\n\n\n\n<figure class=\"wp-block-image size-large\"><img loading=\"lazy\" decoding=\"async\" width=\"1024\" height=\"506\" src=\"https:\/\/elinformante.mx\/wp-content\/uploads\/2025\/06\/9mexico-4-1024x506.jpg\" alt=\"\" class=\"wp-image-86377\" srcset=\"https:\/\/elinformante.mx\/wp-content\/uploads\/2025\/06\/9mexico-4-1024x506.jpg 1024w, https:\/\/elinformante.mx\/wp-content\/uploads\/2025\/06\/9mexico-4-300x148.jpg 300w, https:\/\/elinformante.mx\/wp-content\/uploads\/2025\/06\/9mexico-4-768x379.jpg 768w, https:\/\/elinformante.mx\/wp-content\/uploads\/2025\/06\/9mexico-4.jpg 1140w\" sizes=\"(max-width: 1024px) 100vw, 1024px\" \/><\/figure>\n","protected":false},"excerpt":{"rendered":"<p>En el \u00cdndice de Conflictos 2024 de la ACLED, M\u00e9xico hab\u00eda aparecido como el pa\u00eds sin una guerra regular m\u00e1s peligroso y violento del mundo. De acuerdo a un informe de ACLED (Datos y Ubicaci\u00f3n de Conflictos Armados) alert\u00f3 que M\u00e9xico se ha convertido en el pa\u00eds m\u00e1s peligroso para funcionarios p\u00fablicos locales, entre ellos [&hellip;]<\/p>\n","protected":false},"author":1,"featured_media":86372,"comment_status":"closed","ping_status":"closed","sticky":false,"template":"","format":"standard","meta":{"footnotes":""},"categories":[30,34,31],"tags":[47],"class_list":["post-86370","post","type-post","status-publish","format-standard","has-post-thumbnail","hentry","category-destacado","category-nacional","category-portada","tag-portadanacional"],"_links":{"self":[{"href":"https:\/\/elinformante.mx\/index.php?rest_route=\/wp\/v2\/posts\/86370","targetHints":{"allow":["GET"]}}],"collection":[{"href":"https:\/\/elinformante.mx\/index.php?rest_route=\/wp\/v2\/posts"}],"about":[{"href":"https:\/\/elinformante.mx\/index.php?rest_route=\/wp\/v2\/types\/post"}],"author":[{"embeddable":true,"href":"https:\/\/elinformante.mx\/index.php?rest_route=\/wp\/v2\/users\/1"}],"replies":[{"embeddable":true,"href":"https:\/\/elinformante.mx\/index.php?rest_route=%2Fwp%2Fv2%2Fcomments&post=86370"}],"version-history":[{"count":0,"href":"https:\/\/elinformante.mx\/index.php?rest_route=\/wp\/v2\/posts\/86370\/revisions"}],"wp:featuredmedia":[{"embeddable":true,"href":"https:\/\/elinformante.mx\/index.php?rest_route=\/wp\/v2\/media\/86372"}],"wp:attachment":[{"href":"https:\/\/elinformante.mx\/index.php?rest_route=%2Fwp%2Fv2%2Fmedia&parent=86370"}],"wp:term":[{"taxonomy":"category","embeddable":true,"href":"https:\/\/elinformante.mx\/index.php?rest_route=%2Fwp%2Fv2%2Fcategories&post=86370"},{"taxonomy":"post_tag","embeddable":true,"href":"https:\/\/elinformante.mx\/index.php?rest_route=%2Fwp%2Fv2%2Ftags&post=86370"}],"curies":[{"name":"wp","href":"https:\/\/api.w.org\/{rel}","templated":true}]}}