{"id":86407,"date":"2025-06-23T04:53:12","date_gmt":"2025-06-23T10:53:12","guid":{"rendered":"https:\/\/elinformante.mx\/?p=86407"},"modified":"2025-06-23T04:54:52","modified_gmt":"2025-06-23T10:54:52","slug":"san-mateo-atenco-sigue-trabajando-con-shein-para-ampliar-su-mercado-a-nivel-global-ana-muniz","status":"publish","type":"post","link":"https:\/\/elinformante.mx\/?p=86407","title":{"rendered":"San Mateo Atenco sigue trabajando con Shein para ampliar su mercado a nivel global: Ana Mu\u00f1iz"},"content":{"rendered":"\n<figure class=\"wp-block-pullquote\"><blockquote><p>Al incluir estos productos en Shein, su trabajo se expandi\u00f3 a otros mercados gracias al comercio digital.<\/p><\/blockquote><\/figure>\n\n\n\n<p class=\"has-drop-cap\">La presidenta municipal de San Mateo Atenco, Ana Mu\u00f1iz Neyra, se\u00f1al\u00f3 que se sigue trabajando intensamente y de la mano con la plataforma Shein para lograr que las y los productores de calzado sigan ampliando sus mercados a nivel global a trav\u00e9s de esta plataforma digital.<br><\/p>\n\n\n\n<p>Desde que se anunci\u00f3 esta colaboraci\u00f3n entre el gobierno de San Mateo Atenco y la famosa plataforma de comercio electr\u00f3nico, se gener\u00f3 una gran expectativa para la econom\u00eda local y la industria del calzado.<br><\/p>\n\n\n\n<p>Esta alianza ha logrado que los productores de calzado del municipio pudieran mostrar su enorme trabajo artesanal, adem\u00e1s de demostrar su experiencia en la fabricaci\u00f3n de calzado, que tiene una enorme calidad.<br><\/p>\n\n\n\n<p>Durante muchos a\u00f1os San Mateo Atenco ha sido ampliamente reconocido por la fabricaci\u00f3n de zapatos y botas, destac\u00e1ndose por su calidad, durabilidad y precios accesibles.<br><\/p>\n\n\n\n<p>Y al incluir estos productos en Shein, su trabajo se expandi\u00f3 a otros mercados gracias al comercio digital.<br><\/p>\n\n\n\n<p>Mu\u00f1iz Neyra reconoci\u00f3 que a pocos meses de haberse implementado la estrategia, muchos artesanos del calzado han visto un gran incremento en sus ventas.<br><\/p>\n\n\n\n<p>Agradeci\u00f3 a todos por confiar en esta iniciativa y recalc\u00f3 que su gobierno continuar\u00e1 trabajando para impulsar en todo el pa\u00eds y de manera global el incremento en las ventas y la consolidaci\u00f3n de la industria del calzado atenquense.<\/p>\n","protected":false},"excerpt":{"rendered":"<p>Al incluir estos productos en Shein, su trabajo se expandi\u00f3 a otros mercados gracias al comercio digital. La presidenta municipal de San Mateo Atenco, Ana Mu\u00f1iz Neyra, se\u00f1al\u00f3 que se sigue trabajando intensamente y de la mano con la plataforma Shein para lograr que las y los productores de calzado sigan ampliando sus mercados a [&hellip;]<\/p>\n","protected":false},"author":1,"featured_media":86411,"comment_status":"closed","ping_status":"closed","sticky":false,"template":"","format":"standard","meta":{"footnotes":""},"categories":[36],"tags":[],"class_list":["post-86407","post","type-post","status-publish","format-standard","has-post-thumbnail","hentry","category-edomex"],"_links":{"self":[{"href":"https:\/\/elinformante.mx\/index.php?rest_route=\/wp\/v2\/posts\/86407","targetHints":{"allow":["GET"]}}],"collection":[{"href":"https:\/\/elinformante.mx\/index.php?rest_route=\/wp\/v2\/posts"}],"about":[{"href":"https:\/\/elinformante.mx\/index.php?rest_route=\/wp\/v2\/types\/post"}],"author":[{"embeddable":true,"href":"https:\/\/elinformante.mx\/index.php?rest_route=\/wp\/v2\/users\/1"}],"replies":[{"embeddable":true,"href":"https:\/\/elinformante.mx\/index.php?rest_route=%2Fwp%2Fv2%2Fcomments&post=86407"}],"version-history":[{"count":0,"href":"https:\/\/elinformante.mx\/index.php?rest_route=\/wp\/v2\/posts\/86407\/revisions"}],"wp:featuredmedia":[{"embeddable":true,"href":"https:\/\/elinformante.mx\/index.php?rest_route=\/wp\/v2\/media\/86411"}],"wp:attachment":[{"href":"https:\/\/elinformante.mx\/index.php?rest_route=%2Fwp%2Fv2%2Fmedia&parent=86407"}],"wp:term":[{"taxonomy":"category","embeddable":true,"href":"https:\/\/elinformante.mx\/index.php?rest_route=%2Fwp%2Fv2%2Fcategories&post=86407"},{"taxonomy":"post_tag","embeddable":true,"href":"https:\/\/elinformante.mx\/index.php?rest_route=%2Fwp%2Fv2%2Ftags&post=86407"}],"curies":[{"name":"wp","href":"https:\/\/api.w.org\/{rel}","templated":true}]}}