{"id":86410,"date":"2025-06-23T04:57:51","date_gmt":"2025-06-23T10:57:51","guid":{"rendered":"https:\/\/elinformante.mx\/?p=86410"},"modified":"2025-06-23T04:57:54","modified_gmt":"2025-06-23T10:57:54","slug":"metepec-firma-convenio-de-colaboracion-con-nacional-financiera-y-bancomext","status":"publish","type":"post","link":"https:\/\/elinformante.mx\/?p=86410","title":{"rendered":"Metepec firma convenio de colaboraci\u00f3n con Nacional Financiera y Bancomext"},"content":{"rendered":"\n<figure class=\"wp-block-pullquote\"><blockquote><p>Este convenio es paso importante para fortalecer el desarrollo econ\u00f3mico y abrir nuevas oportunidades.<\/p><\/blockquote><\/figure>\n\n\n\n<p class=\"has-drop-cap\">En el municipio de Metepec, el presidente Fernando Flores Fern\u00e1ndez junto con directivos de Nacional Financiera y de Bancomext, firmaron un convenio de colaboraci\u00f3n para brindar apoyos y financiamientos a empresarios de peque\u00f1as y medias empresas en el municipio.<br><\/p>\n\n\n\n<p>Flores Fern\u00e1ndez se\u00f1al\u00f3 que Metepec ha crecido de manera importante en el sector empresarial. Los empresarios han estado trabajando en acrecentar el bien com\u00fan, apoyar a sus empleados y darles mejores oportunidades de trabajo y que puedan generar mejores beneficios<br><\/p>\n\n\n\n<p>Este acuerdo buscar\u00e1 fortalecer las competencias entre empresas, adem\u00e1s de apoyar a los emprendedores, con mejores rendimientos para su beneficio.<br><\/p>\n\n\n\n<p>Destacar que Flores Fern\u00e1ndez trabajo durante mucho tiempo para lograr que Metepec fuera considerado, as\u00ed como sus empresarios, mediante el uso de la banca.<br><\/p>\n\n\n\n<figure class=\"wp-block-image size-large\"><img fetchpriority=\"high\" decoding=\"async\" width=\"1024\" height=\"506\" src=\"https:\/\/elinformante.mx\/wp-content\/uploads\/2025\/06\/12mete-2-1024x506.jpg\" alt=\"\" class=\"wp-image-86413\" srcset=\"https:\/\/elinformante.mx\/wp-content\/uploads\/2025\/06\/12mete-2-1024x506.jpg 1024w, https:\/\/elinformante.mx\/wp-content\/uploads\/2025\/06\/12mete-2-300x148.jpg 300w, https:\/\/elinformante.mx\/wp-content\/uploads\/2025\/06\/12mete-2-768x379.jpg 768w, https:\/\/elinformante.mx\/wp-content\/uploads\/2025\/06\/12mete-2.jpg 1140w\" sizes=\"(max-width: 1024px) 100vw, 1024px\" \/><\/figure>\n\n\n\n<p>Uno de los programas m\u00e1s importantes, se\u00f1alaron en el evento, es Ecocr\u00e9dito empresarial, el cual apoya a emprendimientos peque\u00f1os (tiendas de abarrotes o miscel\u00e1neas), apoy\u00e1ndolos con tasas preferentes muy peque\u00f1as para que puedan adquirir equipos ahorradores de energ\u00eda.<br><\/p>\n\n\n\n<p>Este financiamiento se paga de manera directa en el recibo de la luz y se otorga directamente a los empresarios; adem\u00e1s se ofrecer\u00e1 cursos para poder ayudarlos, d\u00e1ndoles a conocer todas las ventajas que tienen estos cr\u00e9ditos.<br><\/p>\n\n\n\n<p>Se\u00f1al\u00f3 que el crecimiento de Metepec se refleja al convertirse en el n\u00famero en escuelas privadas, adem\u00e1s de ser en el Valle de Toluca, la quinta zona metropolitana con uno de los PIB m\u00e1s altos del pa\u00eds, adem\u00e1s subray\u00f3 que en Metepec no existe pobreza extrema en el municipio y estos es gracias a que los ciudadanos son muy trabajadores.<br><\/p>\n\n\n\n<p>Adem\u00e1s se cre\u00f3 en Metepec la Primera Escuela Empresarial para Mujeres, se consolidaron m\u00e1s de 2000 becas con la escuela de Santander para ciudadanos interesados, para generar un progreso constante de los ciudadanos interesados en evolucionar.<\/p>\n\n\n\n<figure class=\"wp-block-image size-large\"><img decoding=\"async\" width=\"1024\" height=\"506\" src=\"https:\/\/elinformante.mx\/wp-content\/uploads\/2025\/06\/12mete-1-1024x506.jpg\" alt=\"\" class=\"wp-image-86414\" srcset=\"https:\/\/elinformante.mx\/wp-content\/uploads\/2025\/06\/12mete-1-1024x506.jpg 1024w, https:\/\/elinformante.mx\/wp-content\/uploads\/2025\/06\/12mete-1-300x148.jpg 300w, https:\/\/elinformante.mx\/wp-content\/uploads\/2025\/06\/12mete-1-768x379.jpg 768w, https:\/\/elinformante.mx\/wp-content\/uploads\/2025\/06\/12mete-1.jpg 1140w\" sizes=\"(max-width: 1024px) 100vw, 1024px\" \/><\/figure>\n","protected":false},"excerpt":{"rendered":"<p>Este convenio es paso importante para fortalecer el desarrollo econ\u00f3mico y abrir nuevas oportunidades. En el municipio de Metepec, el presidente Fernando Flores Fern\u00e1ndez junto con directivos de Nacional Financiera y de Bancomext, firmaron un convenio de colaboraci\u00f3n para brindar apoyos y financiamientos a empresarios de peque\u00f1as y medias empresas en el municipio. Flores Fern\u00e1ndez [&hellip;]<\/p>\n","protected":false},"author":1,"featured_media":86412,"comment_status":"closed","ping_status":"closed","sticky":false,"template":"","format":"standard","meta":{"footnotes":""},"categories":[30,36],"tags":[],"class_list":["post-86410","post","type-post","status-publish","format-standard","has-post-thumbnail","hentry","category-destacado","category-edomex"],"_links":{"self":[{"href":"https:\/\/elinformante.mx\/index.php?rest_route=\/wp\/v2\/posts\/86410","targetHints":{"allow":["GET"]}}],"collection":[{"href":"https:\/\/elinformante.mx\/index.php?rest_route=\/wp\/v2\/posts"}],"about":[{"href":"https:\/\/elinformante.mx\/index.php?rest_route=\/wp\/v2\/types\/post"}],"author":[{"embeddable":true,"href":"https:\/\/elinformante.mx\/index.php?rest_route=\/wp\/v2\/users\/1"}],"replies":[{"embeddable":true,"href":"https:\/\/elinformante.mx\/index.php?rest_route=%2Fwp%2Fv2%2Fcomments&post=86410"}],"version-history":[{"count":0,"href":"https:\/\/elinformante.mx\/index.php?rest_route=\/wp\/v2\/posts\/86410\/revisions"}],"wp:featuredmedia":[{"embeddable":true,"href":"https:\/\/elinformante.mx\/index.php?rest_route=\/wp\/v2\/media\/86412"}],"wp:attachment":[{"href":"https:\/\/elinformante.mx\/index.php?rest_route=%2Fwp%2Fv2%2Fmedia&parent=86410"}],"wp:term":[{"taxonomy":"category","embeddable":true,"href":"https:\/\/elinformante.mx\/index.php?rest_route=%2Fwp%2Fv2%2Fcategories&post=86410"},{"taxonomy":"post_tag","embeddable":true,"href":"https:\/\/elinformante.mx\/index.php?rest_route=%2Fwp%2Fv2%2Ftags&post=86410"}],"curies":[{"name":"wp","href":"https:\/\/api.w.org\/{rel}","templated":true}]}}