{"id":86416,"date":"2025-06-23T05:01:55","date_gmt":"2025-06-23T11:01:55","guid":{"rendered":"https:\/\/elinformante.mx\/?p=86416"},"modified":"2025-06-23T05:01:57","modified_gmt":"2025-06-23T11:01:57","slug":"supervisa-manuel-vilchis-ampliacion-de-red-electrica-en-zinacantepec","status":"publish","type":"post","link":"https:\/\/elinformante.mx\/?p=86416","title":{"rendered":"Supervisa Manuel Vilchis ampliaci\u00f3n de red el\u00e9ctrica en Zinacantepec"},"content":{"rendered":"\n<figure class=\"wp-block-pullquote\"><blockquote><p>Reconoci\u00f3 que esta obra es resultado de la planeaci\u00f3n, programaci\u00f3n y ejecuci\u00f3n responsables.<\/p><\/blockquote><\/figure>\n\n\n\n<p class=\"has-drop-cap\">En el municipio de Zinacantepec, encabez\u00f3 el presidente Manuel Vilchis Viveros la supervisi\u00f3n del inicio de los trabajos de ampliaci\u00f3n de la red el\u00e9ctrica en el tramo del Camino Viejo a San Francisco.<br><\/p>\n\n\n\n<p>Vilchis Viveros mencion\u00f3 que su gobierno contin\u00faa impulsando el desarrollo y bienestar de las familias con obras que garantizan el acceso a servicios b\u00e1sicos, coment\u00f3 frente a vecinos y autoridades que esta obra de alto impacto social que beneficiar\u00e1 directamente a m\u00e1s de 40 familias de la zona<br><\/p>\n\n\n\n<p>Acompa\u00f1ado Vilchis Viveros de la representante del Gobierno del Estado de M\u00e9xico, Elizabeth Arana Bacilio, destac\u00f3 que esta obra es parte del compromiso asumido con la poblaci\u00f3n para generar condiciones dignas y de igualdad en todos los rincones del municipio.<br><\/p>\n\n\n\n<p>Durante \u00e9l inici\u00f3 de la obra inform\u00f3 que esta contempla la instalaci\u00f3n de 450 metros lineales de red el\u00e9ctrica, con la colocaci\u00f3n de ocho pozos de concreto, as\u00ed como 200 metros lineales de red de media tensi\u00f3n y 300 metros de baja tensi\u00f3n, e incluye adem\u00e1s el suministro de un transformador de 25 KVA.<br><\/p>\n\n\n\n<figure class=\"wp-block-image size-large\"><img fetchpriority=\"high\" decoding=\"async\" width=\"1024\" height=\"506\" src=\"https:\/\/elinformante.mx\/wp-content\/uploads\/2025\/06\/11zina-2-3-1024x506.jpg\" alt=\"\" class=\"wp-image-86418\" srcset=\"https:\/\/elinformante.mx\/wp-content\/uploads\/2025\/06\/11zina-2-3-1024x506.jpg 1024w, https:\/\/elinformante.mx\/wp-content\/uploads\/2025\/06\/11zina-2-3-300x148.jpg 300w, https:\/\/elinformante.mx\/wp-content\/uploads\/2025\/06\/11zina-2-3-768x379.jpg 768w, https:\/\/elinformante.mx\/wp-content\/uploads\/2025\/06\/11zina-2-3.jpg 1140w\" sizes=\"(max-width: 1024px) 100vw, 1024px\" \/><\/figure>\n\n\n\n<p>Subray\u00f3 Vilchis Vivero ante los vecinos, que esta obra es de suma importancia porque la electricidad no solo ilumina hogares, sino que transforma comunidades. \u201cNos conecta con el mundo, brinda seguridad, impulsa la educaci\u00f3n y el desarrollo econ\u00f3mico\u201d<br><\/p>\n\n\n\n<p>Confirm\u00f3 que aunque las gestiones de electrificaci\u00f3n son atribuci\u00f3n de la Comisi\u00f3n Federal de Electricidad, en Zinacantepec se tom\u00f3 la decisi\u00f3n de no evadir esta necesidad prioritaria, incorpor\u00e1ndola como parte fundamental del Plan de Trabajo, subray\u00f3 Vilchis Viveros.<br><\/p>\n\n\n\n<p>Record\u00f3 que se han realizado diversas obras en la cabecera municipal; sin embargo, tambi\u00e9n se ha trabajado con determinaci\u00f3n para mejorar la calidad de vida en las comunidades, mediante la construcci\u00f3n de 18 techumbres, 30 aulas, m\u00f3dulos sanitarios y la apertura de nuevas escuelas, entre otras acciones.<br><\/p>\n\n\n\n<p>Finalmente, Manuel Vilchis reconoci\u00f3 que esta obra es resultado de la planeaci\u00f3n, programaci\u00f3n y ejecuci\u00f3n responsables, pero sobre todo, del respaldo de la ciudadan\u00eda al proyecto Zinacantepec, que busca transformar el municipio con visi\u00f3n de futuro y justicia social.<\/p>\n\n\n\n<figure class=\"wp-block-image size-large\"><img decoding=\"async\" width=\"1024\" height=\"506\" src=\"https:\/\/elinformante.mx\/wp-content\/uploads\/2025\/06\/11zina-3-2-1024x506.jpg\" alt=\"\" class=\"wp-image-86419\" srcset=\"https:\/\/elinformante.mx\/wp-content\/uploads\/2025\/06\/11zina-3-2-1024x506.jpg 1024w, https:\/\/elinformante.mx\/wp-content\/uploads\/2025\/06\/11zina-3-2-300x148.jpg 300w, https:\/\/elinformante.mx\/wp-content\/uploads\/2025\/06\/11zina-3-2-768x379.jpg 768w, https:\/\/elinformante.mx\/wp-content\/uploads\/2025\/06\/11zina-3-2.jpg 1140w\" sizes=\"(max-width: 1024px) 100vw, 1024px\" \/><\/figure>\n","protected":false},"excerpt":{"rendered":"<p>Reconoci\u00f3 que esta obra es resultado de la planeaci\u00f3n, programaci\u00f3n y ejecuci\u00f3n responsables. En el municipio de Zinacantepec, encabez\u00f3 el presidente Manuel Vilchis Viveros la supervisi\u00f3n del inicio de los trabajos de ampliaci\u00f3n de la red el\u00e9ctrica en el tramo del Camino Viejo a San Francisco. Vilchis Viveros mencion\u00f3 que su gobierno contin\u00faa impulsando el [&hellip;]<\/p>\n","protected":false},"author":1,"featured_media":86417,"comment_status":"closed","ping_status":"closed","sticky":false,"template":"","format":"standard","meta":{"footnotes":""},"categories":[36],"tags":[],"class_list":["post-86416","post","type-post","status-publish","format-standard","has-post-thumbnail","hentry","category-edomex"],"_links":{"self":[{"href":"https:\/\/elinformante.mx\/index.php?rest_route=\/wp\/v2\/posts\/86416","targetHints":{"allow":["GET"]}}],"collection":[{"href":"https:\/\/elinformante.mx\/index.php?rest_route=\/wp\/v2\/posts"}],"about":[{"href":"https:\/\/elinformante.mx\/index.php?rest_route=\/wp\/v2\/types\/post"}],"author":[{"embeddable":true,"href":"https:\/\/elinformante.mx\/index.php?rest_route=\/wp\/v2\/users\/1"}],"replies":[{"embeddable":true,"href":"https:\/\/elinformante.mx\/index.php?rest_route=%2Fwp%2Fv2%2Fcomments&post=86416"}],"version-history":[{"count":0,"href":"https:\/\/elinformante.mx\/index.php?rest_route=\/wp\/v2\/posts\/86416\/revisions"}],"wp:featuredmedia":[{"embeddable":true,"href":"https:\/\/elinformante.mx\/index.php?rest_route=\/wp\/v2\/media\/86417"}],"wp:attachment":[{"href":"https:\/\/elinformante.mx\/index.php?rest_route=%2Fwp%2Fv2%2Fmedia&parent=86416"}],"wp:term":[{"taxonomy":"category","embeddable":true,"href":"https:\/\/elinformante.mx\/index.php?rest_route=%2Fwp%2Fv2%2Fcategories&post=86416"},{"taxonomy":"post_tag","embeddable":true,"href":"https:\/\/elinformante.mx\/index.php?rest_route=%2Fwp%2Fv2%2Ftags&post=86416"}],"curies":[{"name":"wp","href":"https:\/\/api.w.org\/{rel}","templated":true}]}}