{"id":86426,"date":"2025-06-23T05:06:53","date_gmt":"2025-06-23T11:06:53","guid":{"rendered":"https:\/\/elinformante.mx\/?p=86426"},"modified":"2025-06-23T05:06:55","modified_gmt":"2025-06-23T11:06:55","slug":"smsem-celebra-a-los-papas-maestros-con-actividades-en-las-14-regiones-sindicales","status":"publish","type":"post","link":"https:\/\/elinformante.mx\/?p=86426","title":{"rendered":"SMSEM celebra a los Pap\u00e1s Maestros con actividades en las 14 regiones sindicales"},"content":{"rendered":"\n<figure class=\"wp-block-pullquote\"><blockquote><p>Se llevaron a cabo eventos del 17 al 20 de junio en diferentes sedes de la entidad para reconocer a los docentes afiliados que ejercen la paternidad.<\/p><\/blockquote><\/figure>\n\n\n\n<p class=\"has-drop-cap\">El Sindicato de Maestros al Servicio del Estado de M\u00e9xico (SMSEM), a trav\u00e9s del Comit\u00e9 Ejecutivo Estatal 2024-2027, que dirige Jenaro Mart\u00ednez Reyes, Secretario General, celebr\u00f3 del 17 al 20 de junio el D\u00eda del Pap\u00e1 Maestro con una serie de actividades en las 14 regiones sindicales de la entidad.<br><\/p>\n\n\n\n<p>Los festejos regionales, organizados por los equipos de trabajo del sindicato, reunieron a cientos de docentes en espacios como auditorios, centros culturales y recintos recreativos. Entre los espect\u00e1culos ofrecidos se incluyeron comediantes, animadoras y funciones de teatro, se entregaron obsequios y se comparti\u00f3 el pan y la sal, al disfrutar de un aperitivo enviado por Mart\u00ednez Reyes para reconocer el trabajado, dedicaci\u00f3n y esfuerzo de quienes cumplen con la doble funci\u00f3n.<br><\/p>\n\n\n\n<figure class=\"wp-block-image size-large\"><img fetchpriority=\"high\" decoding=\"async\" width=\"1024\" height=\"506\" src=\"https:\/\/elinformante.mx\/wp-content\/uploads\/2025\/06\/10smsem-1-1024x506.jpg\" alt=\"\" class=\"wp-image-86428\" srcset=\"https:\/\/elinformante.mx\/wp-content\/uploads\/2025\/06\/10smsem-1-1024x506.jpg 1024w, https:\/\/elinformante.mx\/wp-content\/uploads\/2025\/06\/10smsem-1-300x148.jpg 300w, https:\/\/elinformante.mx\/wp-content\/uploads\/2025\/06\/10smsem-1-768x379.jpg 768w, https:\/\/elinformante.mx\/wp-content\/uploads\/2025\/06\/10smsem-1.jpg 1140w\" sizes=\"(max-width: 1024px) 100vw, 1024px\" \/><\/figure>\n\n\n\n<p>En nombre del secretario general, Jenaro Mart\u00ednez Reyes, los equipos regionales encabezaron las celebraciones y reconocieron la doble labor que realizan los profesores del subsistema educativo estatal, al formar en las aulas y tambi\u00e9n en sus hogares.<br><\/p>\n\n\n\n<p>\u201cReconocer a los Pap\u00e1s Maestros es tambi\u00e9n reconocer su entrega dentro y fuera de las escuelas. Son pilares para sus estudiantes y tambi\u00e9n para sus familias\u201d, expres\u00f3 Mart\u00ednez Reyes en su mensaje dirigido a los pap\u00e1s maestros de toda la entidad mexiquense.<br><\/p>\n\n\n\n<p>Con estos eventos, el SMSEM refrenda su compromiso de dar atenci\u00f3n integral a cada sector de su membres\u00eda, impulsando espacios de convivencia que fortalecen el sentido de pertenencia y la fraternidad entre el gremio.<\/p>\n","protected":false},"excerpt":{"rendered":"<p>Se llevaron a cabo eventos del 17 al 20 de junio en diferentes sedes de la entidad para reconocer a los docentes afiliados que ejercen la paternidad. El Sindicato de Maestros al Servicio del Estado de M\u00e9xico (SMSEM), a trav\u00e9s del Comit\u00e9 Ejecutivo Estatal 2024-2027, que dirige Jenaro Mart\u00ednez Reyes, Secretario General, celebr\u00f3 del 17 [&hellip;]<\/p>\n","protected":false},"author":1,"featured_media":86427,"comment_status":"closed","ping_status":"closed","sticky":false,"template":"","format":"standard","meta":{"footnotes":""},"categories":[36],"tags":[],"class_list":["post-86426","post","type-post","status-publish","format-standard","has-post-thumbnail","hentry","category-edomex"],"_links":{"self":[{"href":"https:\/\/elinformante.mx\/index.php?rest_route=\/wp\/v2\/posts\/86426","targetHints":{"allow":["GET"]}}],"collection":[{"href":"https:\/\/elinformante.mx\/index.php?rest_route=\/wp\/v2\/posts"}],"about":[{"href":"https:\/\/elinformante.mx\/index.php?rest_route=\/wp\/v2\/types\/post"}],"author":[{"embeddable":true,"href":"https:\/\/elinformante.mx\/index.php?rest_route=\/wp\/v2\/users\/1"}],"replies":[{"embeddable":true,"href":"https:\/\/elinformante.mx\/index.php?rest_route=%2Fwp%2Fv2%2Fcomments&post=86426"}],"version-history":[{"count":0,"href":"https:\/\/elinformante.mx\/index.php?rest_route=\/wp\/v2\/posts\/86426\/revisions"}],"wp:featuredmedia":[{"embeddable":true,"href":"https:\/\/elinformante.mx\/index.php?rest_route=\/wp\/v2\/media\/86427"}],"wp:attachment":[{"href":"https:\/\/elinformante.mx\/index.php?rest_route=%2Fwp%2Fv2%2Fmedia&parent=86426"}],"wp:term":[{"taxonomy":"category","embeddable":true,"href":"https:\/\/elinformante.mx\/index.php?rest_route=%2Fwp%2Fv2%2Fcategories&post=86426"},{"taxonomy":"post_tag","embeddable":true,"href":"https:\/\/elinformante.mx\/index.php?rest_route=%2Fwp%2Fv2%2Ftags&post=86426"}],"curies":[{"name":"wp","href":"https:\/\/api.w.org\/{rel}","templated":true}]}}