{"id":86438,"date":"2025-06-23T05:12:50","date_gmt":"2025-06-23T11:12:50","guid":{"rendered":"https:\/\/elinformante.mx\/?p=86438"},"modified":"2025-06-23T05:12:52","modified_gmt":"2025-06-23T11:12:52","slug":"cepanaf-invita-al-curso-de-verano-2025-en-el-corazon-de-zacango","status":"publish","type":"post","link":"https:\/\/elinformante.mx\/?p=86438","title":{"rendered":"Cepanaf invita al Curso de Verano 2025 en el coraz\u00f3n de Zacango"},"content":{"rendered":"\n<figure class=\"wp-block-pullquote\"><blockquote><p>-El curso se realizar\u00e1 del 28 de julio al 15 de agosto de 9:30 a 14:00 horas.<\/p><\/blockquote><\/figure>\n\n\n\n<p class=\"has-drop-cap\">Si est\u00e1s buscando una experiencia inolvidable para tus hijos este verano, el Parque Ecol\u00f3gico Zacango tiene la respuesta. La Comisi\u00f3n Estatal de Parques Naturales y de la Fauna (Cepanaf) invita a ni\u00f1as y ni\u00f1os de entre 6 y 12 a\u00f1os a participar en su Curso de Verano 2025, una experiencia \u00fanica donde el juego, el contacto con la naturaleza y el aprendizaje se combinan para crear recuerdos imborrables.<br><\/p>\n\n\n\n<p>Del 28 de julio al 15 de agosto, de 9:30 a 14:00 horas, los peque\u00f1os exploradores vivir\u00e1n tres semanas llenas de actividades emocionantes, en un entorno seguro, natural y lleno de sorpresas. Desde pl\u00e1ticas sobre conservaci\u00f3n y biodiversidad hasta din\u00e1micas con animales, cine, talleres manuales y actividades acu\u00e1ticas, cada d\u00eda ser\u00e1 una nueva oportunidad para descubrir, crear y convivir.<br><\/p>\n\n\n\n<p>En este curso se llevaran a cabo charlas sobre el medio ambiente y conservaci\u00f3n de especies bajo cuidado humano<br><\/p>\n\n\n\n<p>Adem\u00e1s de un acercamiento guiado con animales y din\u00e1micas en el \u00e1rea de bienestar animal, junto con talleres creativos, proyecci\u00f3n de documentales y cine; tambi\u00e9n se tendr\u00e1n ctividades acu\u00e1ticas y materiales incluidos y por \u00faltimo se tendra una fotograf\u00eda grupal, estacionamiento y un regalo sorpresa.<br><\/p>\n\n\n\n<p>Este curso forma parte del compromiso del Gobierno del Estado de M\u00e9xico con el desarrollo integral de la ni\u00f1ez y la promoci\u00f3n de valores como el respeto, la empat\u00eda y la conciencia ecol\u00f3gica.<br><\/p>\n\n\n\n<p>Las inscripciones se realizan de lunes a viernes, de 10:00 a 17:00 horas, directamente en el Parque Ecol\u00f3gico Zacango.<br><\/p>\n\n\n\n<p>Requisitos que solicitan son copia del acta de nacimiento, 1 fotograf\u00eda infantil, certificado m\u00e9dico, carta responsiva (se llena al momento), recibo de pago (presentar al inicio del curso), lunch, agua, ropa c\u00f3moda e impermeable<br><\/p>\n\n\n\n<p>La cuota de recuperaci\u00f3n contribuye al cuidado y preservaci\u00f3n de la fauna que habita en este espacio \u00fanico.<br><\/p>\n\n\n\n<p>Para m\u00e1s informaci\u00f3n, comun\u00edcate al 722 758 11 00 o 722 958 11 11 ext. 148, o escribe al correo educacionzacango@gmail.com.<br><\/p>\n\n\n\n<p>\u00a1Este verano, la aventura comienza en Zacango! Una experiencia que deja huella, donde el respeto por la naturaleza nace jugando.<\/p>\n","protected":false},"excerpt":{"rendered":"<p>-El curso se realizar\u00e1 del 28 de julio al 15 de agosto de 9:30 a 14:00 horas. Si est\u00e1s buscando una experiencia inolvidable para tus hijos este verano, el Parque Ecol\u00f3gico Zacango tiene la respuesta. La Comisi\u00f3n Estatal de Parques Naturales y de la Fauna (Cepanaf) invita a ni\u00f1as y ni\u00f1os de entre 6 y [&hellip;]<\/p>\n","protected":false},"author":1,"featured_media":86439,"comment_status":"closed","ping_status":"closed","sticky":false,"template":"","format":"standard","meta":{"footnotes":""},"categories":[30,36],"tags":[],"class_list":["post-86438","post","type-post","status-publish","format-standard","has-post-thumbnail","hentry","category-destacado","category-edomex"],"_links":{"self":[{"href":"https:\/\/elinformante.mx\/index.php?rest_route=\/wp\/v2\/posts\/86438","targetHints":{"allow":["GET"]}}],"collection":[{"href":"https:\/\/elinformante.mx\/index.php?rest_route=\/wp\/v2\/posts"}],"about":[{"href":"https:\/\/elinformante.mx\/index.php?rest_route=\/wp\/v2\/types\/post"}],"author":[{"embeddable":true,"href":"https:\/\/elinformante.mx\/index.php?rest_route=\/wp\/v2\/users\/1"}],"replies":[{"embeddable":true,"href":"https:\/\/elinformante.mx\/index.php?rest_route=%2Fwp%2Fv2%2Fcomments&post=86438"}],"version-history":[{"count":0,"href":"https:\/\/elinformante.mx\/index.php?rest_route=\/wp\/v2\/posts\/86438\/revisions"}],"wp:featuredmedia":[{"embeddable":true,"href":"https:\/\/elinformante.mx\/index.php?rest_route=\/wp\/v2\/media\/86439"}],"wp:attachment":[{"href":"https:\/\/elinformante.mx\/index.php?rest_route=%2Fwp%2Fv2%2Fmedia&parent=86438"}],"wp:term":[{"taxonomy":"category","embeddable":true,"href":"https:\/\/elinformante.mx\/index.php?rest_route=%2Fwp%2Fv2%2Fcategories&post=86438"},{"taxonomy":"post_tag","embeddable":true,"href":"https:\/\/elinformante.mx\/index.php?rest_route=%2Fwp%2Fv2%2Ftags&post=86438"}],"curies":[{"name":"wp","href":"https:\/\/api.w.org\/{rel}","templated":true}]}}