{"id":86445,"date":"2025-06-23T05:30:07","date_gmt":"2025-06-23T11:30:07","guid":{"rendered":"https:\/\/elinformante.mx\/?p=86445"},"modified":"2025-06-23T05:30:08","modified_gmt":"2025-06-23T11:30:08","slug":"inicio-en-mexicaltzingo-operativo-de-seguridad-intermunicipal","status":"publish","type":"post","link":"https:\/\/elinformante.mx\/?p=86445","title":{"rendered":"Inici\u00f3 en Mexicaltzingo operativo de Seguridad intermunicipal"},"content":{"rendered":"\n<figure class=\"wp-block-pullquote\"><blockquote><p>El operativo se coordin\u00f3 con cuerpos de seguridad de seis municipios aleda\u00f1os y la Secretar\u00eda de Seguridad del Estado de M\u00e9xico.<\/p><\/blockquote><\/figure>\n\n\n\n<p class=\"has-drop-cap\">La presidenta municipal Saray Ben\u00edtez Espinoza dio inicio en el municipio de Mexicaltzingo el operativo de Seguridad intermunicipal.<br><\/p>\n\n\n\n<p>En el banderazo de salida participaron m\u00e1s de 50 elementos de distintas corporaciones de seguridad p\u00fablica. Ben\u00edtez Mendoza se\u00f1alo que este operativo tiene como objetivo reforzar la presencia en territorio y reducir los \u00edndices delictivos, trabajando en coordinaci\u00f3n con cuerpos de seguridad municipales y estatales.<br><\/p>\n\n\n\n<figure class=\"wp-block-image size-large\"><img fetchpriority=\"high\" decoding=\"async\" width=\"1024\" height=\"506\" src=\"https:\/\/elinformante.mx\/wp-content\/uploads\/2025\/06\/8mexi-1024x506.jpg\" alt=\"\" class=\"wp-image-86447\" srcset=\"https:\/\/elinformante.mx\/wp-content\/uploads\/2025\/06\/8mexi-1024x506.jpg 1024w, https:\/\/elinformante.mx\/wp-content\/uploads\/2025\/06\/8mexi-300x148.jpg 300w, https:\/\/elinformante.mx\/wp-content\/uploads\/2025\/06\/8mexi-768x379.jpg 768w, https:\/\/elinformante.mx\/wp-content\/uploads\/2025\/06\/8mexi.jpg 1140w\" sizes=\"(max-width: 1024px) 100vw, 1024px\" \/><\/figure>\n\n\n\n<p>Adem\u00e1s de desarticular factores de riesgo en zonas lim\u00edtrofes, mejorar la capacidad de respuesta institucional y reforzar la percepci\u00f3n de seguridad entre la poblaci\u00f3n.<br><\/p>\n\n\n\n<p>En Mexicaltzingo este operativo establecer\u00e1 puntos de control fijos y m\u00f3viles en l\u00edmites intermunicipales. Adem\u00e1s los elementos policiacos realizar\u00e1n rondas mixtas y patrullajes coordinados entre corporaciones.<br><\/p>\n\n\n\n<figure class=\"wp-block-image size-large\"><img decoding=\"async\" width=\"1024\" height=\"506\" src=\"https:\/\/elinformante.mx\/wp-content\/uploads\/2025\/06\/8mexi-4-1024x506.jpg\" alt=\"\" class=\"wp-image-86448\" srcset=\"https:\/\/elinformante.mx\/wp-content\/uploads\/2025\/06\/8mexi-4-1024x506.jpg 1024w, https:\/\/elinformante.mx\/wp-content\/uploads\/2025\/06\/8mexi-4-300x148.jpg 300w, https:\/\/elinformante.mx\/wp-content\/uploads\/2025\/06\/8mexi-4-768x379.jpg 768w, https:\/\/elinformante.mx\/wp-content\/uploads\/2025\/06\/8mexi-4.jpg 1140w\" sizes=\"(max-width: 1024px) 100vw, 1024px\" \/><\/figure>\n\n\n\n<p>Ben\u00edtez Espinoza se\u00f1al\u00f3 que \u00e9l se usar\u00e1n plataformas tecnol\u00f3gicas para poder compartir informaci\u00f3n en tiempo real, adem\u00e1s de activar los protocolos regionales de reacci\u00f3n inmediata ante incidentes.<br><\/p>\n\n\n\n<p>La estrategia incorpora una visi\u00f3n integral que prioriza la prevenci\u00f3n social de la violencia, mediante actividades comunitarias y proyectos de proximidad que fortalezcan el tejido social y la confianza ciudadana.<br><\/p>\n\n\n\n<figure class=\"wp-block-image size-large\"><img decoding=\"async\" width=\"1024\" height=\"506\" src=\"https:\/\/elinformante.mx\/wp-content\/uploads\/2025\/06\/8mexi-3-1-1024x506.jpg\" alt=\"\" class=\"wp-image-86449\" srcset=\"https:\/\/elinformante.mx\/wp-content\/uploads\/2025\/06\/8mexi-3-1-1024x506.jpg 1024w, https:\/\/elinformante.mx\/wp-content\/uploads\/2025\/06\/8mexi-3-1-300x148.jpg 300w, https:\/\/elinformante.mx\/wp-content\/uploads\/2025\/06\/8mexi-3-1-768x379.jpg 768w, https:\/\/elinformante.mx\/wp-content\/uploads\/2025\/06\/8mexi-3-1.jpg 1140w\" sizes=\"(max-width: 1024px) 100vw, 1024px\" \/><\/figure>\n\n\n\n<p>Su objetivo es claro, se\u00f1al\u00f3 Ben\u00edtez Espinosa, es disuadir conductas delictivas, responder con rapidez ante emergencias y devolverle la tranquilidad a los habitantes del Valle de Toluca.<br><\/p>\n\n\n\n<p>Las autoridades locales indicaron que este tipo de acciones coordinadas seguir\u00e1n en marcha como parte de una estrategia de prevenci\u00f3n del delito.<\/p>\n","protected":false},"excerpt":{"rendered":"<p>El operativo se coordin\u00f3 con cuerpos de seguridad de seis municipios aleda\u00f1os y la Secretar\u00eda de Seguridad del Estado de M\u00e9xico. La presidenta municipal Saray Ben\u00edtez Espinoza dio inicio en el municipio de Mexicaltzingo el operativo de Seguridad intermunicipal. En el banderazo de salida participaron m\u00e1s de 50 elementos de distintas corporaciones de seguridad p\u00fablica. [&hellip;]<\/p>\n","protected":false},"author":1,"featured_media":86446,"comment_status":"closed","ping_status":"closed","sticky":false,"template":"","format":"standard","meta":{"footnotes":""},"categories":[30,36,31],"tags":[46],"class_list":["post-86445","post","type-post","status-publish","format-standard","has-post-thumbnail","hentry","category-destacado","category-edomex","category-portada","tag-portadaedomex"],"_links":{"self":[{"href":"https:\/\/elinformante.mx\/index.php?rest_route=\/wp\/v2\/posts\/86445","targetHints":{"allow":["GET"]}}],"collection":[{"href":"https:\/\/elinformante.mx\/index.php?rest_route=\/wp\/v2\/posts"}],"about":[{"href":"https:\/\/elinformante.mx\/index.php?rest_route=\/wp\/v2\/types\/post"}],"author":[{"embeddable":true,"href":"https:\/\/elinformante.mx\/index.php?rest_route=\/wp\/v2\/users\/1"}],"replies":[{"embeddable":true,"href":"https:\/\/elinformante.mx\/index.php?rest_route=%2Fwp%2Fv2%2Fcomments&post=86445"}],"version-history":[{"count":0,"href":"https:\/\/elinformante.mx\/index.php?rest_route=\/wp\/v2\/posts\/86445\/revisions"}],"wp:featuredmedia":[{"embeddable":true,"href":"https:\/\/elinformante.mx\/index.php?rest_route=\/wp\/v2\/media\/86446"}],"wp:attachment":[{"href":"https:\/\/elinformante.mx\/index.php?rest_route=%2Fwp%2Fv2%2Fmedia&parent=86445"}],"wp:term":[{"taxonomy":"category","embeddable":true,"href":"https:\/\/elinformante.mx\/index.php?rest_route=%2Fwp%2Fv2%2Fcategories&post=86445"},{"taxonomy":"post_tag","embeddable":true,"href":"https:\/\/elinformante.mx\/index.php?rest_route=%2Fwp%2Fv2%2Ftags&post=86445"}],"curies":[{"name":"wp","href":"https:\/\/api.w.org\/{rel}","templated":true}]}}