{"id":86467,"date":"2025-06-23T05:47:58","date_gmt":"2025-06-23T11:47:58","guid":{"rendered":"https:\/\/elinformante.mx\/?p=86467"},"modified":"2025-06-23T05:48:01","modified_gmt":"2025-06-23T11:48:01","slug":"mara-lezama-entrega-sillas-de-ruedas-a-los-mas-necesitados-en-playa-del-carmen","status":"publish","type":"post","link":"https:\/\/elinformante.mx\/?p=86467","title":{"rendered":"Mara Lezama entrega sillas de ruedas a los m\u00e1s necesitados en Playa del Carmen"},"content":{"rendered":"\n<figure class=\"wp-block-pullquote\"><blockquote><p>-Durante una visita al hospital general de Playa del Carmen, la titular del Ejecutivo destac\u00f3 la importancia de dotar de estos implementos a quienes m\u00e1s lo necesitan<\/p><\/blockquote><\/figure>\n\n\n\n<p class=\"has-drop-cap\">Durante una visita al hospital general de Playa del Carmen, la gobernadora Mara Lezama Espinosa entreg\u00f3 m\u00e1s sillas de ruedas y sillas de par\u00e1lisis cerebral infantil (PCI), a trav\u00e9s de la Beneficencia P\u00fablica del Gobierno del Estado.<br><\/p>\n\n\n\n<p>\u201cEn cada silla, en cada andadera, en cada bast\u00f3n, hay una historia y las conocemos por lo general de las y los familiares de ellas y ellos\u201d expres\u00f3 la Gobernadora acompa\u00f1ada de Claudia G\u00f3mez Verduzco, directora de la Beneficencia P\u00fablica.<br><\/p>\n\n\n\n<figure class=\"wp-block-image size-large\"><img fetchpriority=\"high\" decoding=\"async\" width=\"1024\" height=\"506\" src=\"https:\/\/elinformante.mx\/wp-content\/uploads\/2025\/06\/4mara-2-3-1024x506.jpg\" alt=\"\" class=\"wp-image-86469\" srcset=\"https:\/\/elinformante.mx\/wp-content\/uploads\/2025\/06\/4mara-2-3-1024x506.jpg 1024w, https:\/\/elinformante.mx\/wp-content\/uploads\/2025\/06\/4mara-2-3-300x148.jpg 300w, https:\/\/elinformante.mx\/wp-content\/uploads\/2025\/06\/4mara-2-3-768x379.jpg 768w, https:\/\/elinformante.mx\/wp-content\/uploads\/2025\/06\/4mara-2-3.jpg 1140w\" sizes=\"(max-width: 1024px) 100vw, 1024px\" \/><\/figure>\n\n\n\n<p>Se entregaron 5 sillas de ruedas, 2 sillas de par\u00e1lisis cerebral infantil (PCI) y 1 silla de par\u00e1lisis cerebral de adulto (PCA), con lo que ayuda a quienes las requieren. \u201cDe esto se trata el Nuevo Acuerdo por el Bienestar y Desarrollo de Quintana Roo, de trabajar con compromiso y entrega para brindar una luz de esperanza a quienes m\u00e1s lo necesitan\u201d expres\u00f3 la Gobernadora.<br><\/p>\n\n\n\n<p>Est\u00e1 entrega se lleva a cabo despu\u00e9s de las solicitudes realizadas, en el programa de la gobernadora \u201cLa Voz del Pueblo\u201d as\u00ed como en las oficinas y redes sociales de la Administraci\u00f3n del Patrimonio de la Beneficencia P\u00fablica.<br><\/p>\n\n\n\n<p>Junto con los beneficiados y sus familiares, Mara Lezama afirm\u00f3 que en este gobierno humanista con coraz\u00f3n feminista seguiremos trabajando juntas y juntos para transformar la vida de todas y todos los quintanarroenses.<\/p>\n","protected":false},"excerpt":{"rendered":"<p>-Durante una visita al hospital general de Playa del Carmen, la titular del Ejecutivo destac\u00f3 la importancia de dotar de estos implementos a quienes m\u00e1s lo necesitan Durante una visita al hospital general de Playa del Carmen, la gobernadora Mara Lezama Espinosa entreg\u00f3 m\u00e1s sillas de ruedas y sillas de par\u00e1lisis cerebral infantil (PCI), a [&hellip;]<\/p>\n","protected":false},"author":1,"featured_media":86468,"comment_status":"closed","ping_status":"closed","sticky":false,"template":"","format":"standard","meta":{"footnotes":""},"categories":[30,34],"tags":[],"class_list":["post-86467","post","type-post","status-publish","format-standard","has-post-thumbnail","hentry","category-destacado","category-nacional"],"_links":{"self":[{"href":"https:\/\/elinformante.mx\/index.php?rest_route=\/wp\/v2\/posts\/86467","targetHints":{"allow":["GET"]}}],"collection":[{"href":"https:\/\/elinformante.mx\/index.php?rest_route=\/wp\/v2\/posts"}],"about":[{"href":"https:\/\/elinformante.mx\/index.php?rest_route=\/wp\/v2\/types\/post"}],"author":[{"embeddable":true,"href":"https:\/\/elinformante.mx\/index.php?rest_route=\/wp\/v2\/users\/1"}],"replies":[{"embeddable":true,"href":"https:\/\/elinformante.mx\/index.php?rest_route=%2Fwp%2Fv2%2Fcomments&post=86467"}],"version-history":[{"count":0,"href":"https:\/\/elinformante.mx\/index.php?rest_route=\/wp\/v2\/posts\/86467\/revisions"}],"wp:featuredmedia":[{"embeddable":true,"href":"https:\/\/elinformante.mx\/index.php?rest_route=\/wp\/v2\/media\/86468"}],"wp:attachment":[{"href":"https:\/\/elinformante.mx\/index.php?rest_route=%2Fwp%2Fv2%2Fmedia&parent=86467"}],"wp:term":[{"taxonomy":"category","embeddable":true,"href":"https:\/\/elinformante.mx\/index.php?rest_route=%2Fwp%2Fv2%2Fcategories&post=86467"},{"taxonomy":"post_tag","embeddable":true,"href":"https:\/\/elinformante.mx\/index.php?rest_route=%2Fwp%2Fv2%2Ftags&post=86467"}],"curies":[{"name":"wp","href":"https:\/\/api.w.org\/{rel}","templated":true}]}}