{"id":86511,"date":"2025-06-24T05:06:24","date_gmt":"2025-06-24T11:06:24","guid":{"rendered":"https:\/\/elinformante.mx\/?p=86511"},"modified":"2025-06-24T05:06:27","modified_gmt":"2025-06-24T11:06:27","slug":"jaime-ignacio-n-es-aprehendido-por-un-secuestro-ocurrido-en-atlacomulco","status":"publish","type":"post","link":"https:\/\/elinformante.mx\/?p=86511","title":{"rendered":"Jaime Ignacio \u201cN\u201d es aprehendido por un secuestro ocurrido en Atlacomulco"},"content":{"rendered":"\n<figure class=\"wp-block-pullquote\"><blockquote><p>Fue capturado en Metepec, por lo que lo trasladaron e ingresaron al Centro Penitenciario y de Reinserci\u00f3n Social de El Oro.<\/p><\/blockquote><\/figure>\n\n\n\n<p class=\"has-drop-cap\">Elementos de la FGJEM cumplimentaron orden de aprehensi\u00f3n contra Jaime Ignacio \u201cN\u201d, se\u00f1alado por su probable intervenci\u00f3n en el delito de secuestro expr\u00e9s en agravio de un hombre, en este municipio.<br><\/p>\n\n\n\n<p>Este individuo es indagado por hechos registrados el pasado 18 de febrero, en calles de Atlacomulco, donde el probable implicado y otros individuos habr\u00edan interceptado y privado de la libertad a la v\u00edctima, quien fue trasladada a un inmueble ubicado en la comunidad Los Reyes en el municipio de Jocotitl\u00e1n, donde lo mantuvieron privado de la libertad.<br><\/p>\n\n\n\n<p>Los posibles responsables exigieron una fuerte suma econ\u00f3mica a cambio de liberarlo. Un d\u00eda despu\u00e9s la v\u00edctima fue dejada en libertad en el municipio referido, no obstante, habr\u00eda sido despojada de su veh\u00edculo y diversas pertenencias.<br><\/p>\n\n\n\n<p>Tras recabar los hechos se inici\u00f3 la investigaci\u00f3n correspondiente y llevados a cabo actos de investigaci\u00f3n que permitieron identificar a Jaime Ignacio \u201cN\u201d, como probable interviniente en este secuestro.<br><\/p>\n\n\n\n<p>Los Polic\u00edas de Investigaci\u00f3n lo aprehendieron en Metepec, por lo que lo trasladaron e ingresaron al Centro Penitenciario y de Reinserci\u00f3n Social de El Oro, a disposici\u00f3n de un Juez, quien determinar\u00e1 su situaci\u00f3n jur\u00eddica, sin embargo, debe ser considerado inocente hasta que sea dictada una sentencia condenatoria en su contra.<\/p>\n","protected":false},"excerpt":{"rendered":"<p>Fue capturado en Metepec, por lo que lo trasladaron e ingresaron al Centro Penitenciario y de Reinserci\u00f3n Social de El Oro. Elementos de la FGJEM cumplimentaron orden de aprehensi\u00f3n contra Jaime Ignacio \u201cN\u201d, se\u00f1alado por su probable intervenci\u00f3n en el delito de secuestro expr\u00e9s en agravio de un hombre, en este municipio. Este individuo es [&hellip;]<\/p>\n","protected":false},"author":1,"featured_media":86512,"comment_status":"closed","ping_status":"closed","sticky":false,"template":"","format":"standard","meta":{"footnotes":""},"categories":[36,37],"tags":[],"class_list":["post-86511","post","type-post","status-publish","format-standard","has-post-thumbnail","hentry","category-edomex","category-justicia"],"_links":{"self":[{"href":"https:\/\/elinformante.mx\/index.php?rest_route=\/wp\/v2\/posts\/86511","targetHints":{"allow":["GET"]}}],"collection":[{"href":"https:\/\/elinformante.mx\/index.php?rest_route=\/wp\/v2\/posts"}],"about":[{"href":"https:\/\/elinformante.mx\/index.php?rest_route=\/wp\/v2\/types\/post"}],"author":[{"embeddable":true,"href":"https:\/\/elinformante.mx\/index.php?rest_route=\/wp\/v2\/users\/1"}],"replies":[{"embeddable":true,"href":"https:\/\/elinformante.mx\/index.php?rest_route=%2Fwp%2Fv2%2Fcomments&post=86511"}],"version-history":[{"count":0,"href":"https:\/\/elinformante.mx\/index.php?rest_route=\/wp\/v2\/posts\/86511\/revisions"}],"wp:featuredmedia":[{"embeddable":true,"href":"https:\/\/elinformante.mx\/index.php?rest_route=\/wp\/v2\/media\/86512"}],"wp:attachment":[{"href":"https:\/\/elinformante.mx\/index.php?rest_route=%2Fwp%2Fv2%2Fmedia&parent=86511"}],"wp:term":[{"taxonomy":"category","embeddable":true,"href":"https:\/\/elinformante.mx\/index.php?rest_route=%2Fwp%2Fv2%2Fcategories&post=86511"},{"taxonomy":"post_tag","embeddable":true,"href":"https:\/\/elinformante.mx\/index.php?rest_route=%2Fwp%2Fv2%2Ftags&post=86511"}],"curies":[{"name":"wp","href":"https:\/\/api.w.org\/{rel}","templated":true}]}}