{"id":86518,"date":"2025-06-24T05:13:25","date_gmt":"2025-06-24T11:13:25","guid":{"rendered":"https:\/\/elinformante.mx\/?p=86518"},"modified":"2025-06-24T05:13:30","modified_gmt":"2025-06-24T11:13:30","slug":"destina-gem-45-mdp-para-que-emprendedores-mexiquenses-establezcan-su-propio-negocio","status":"publish","type":"post","link":"https:\/\/elinformante.mx\/?p=86518","title":{"rendered":"Destina GEM 45 mdp para que emprendedores mexiquenses establezcan su propio negocio"},"content":{"rendered":"\n<figure class=\"wp-block-pullquote\"><blockquote><p>-Lanza convocatoria 2025 del Programa \u201cApoyo al Autoempleo para el Bienestar\u201d, que contempla mil 800 beneficiarios para fortalecer y dignificar el trabajo aut\u00f3nomo.<\/p><\/blockquote><\/figure>\n\n\n\n<p class=\"has-drop-cap\">Para impulsar y dignificar el trabajo aut\u00f3nomo y generar condiciones para una vida m\u00e1s justa y solidaria para las familias mexiquenses, la Secretar\u00eda del Trabajo del Gobierno del Estado de M\u00e9xico lanz\u00f3 la convocatoria 2025 del Programa de Desarrollo Social \u201cApoyo al Autoempleo para el Bienestar\u201d, iniciativa que este a\u00f1o otorgar\u00e1 mil 800 apoyos -200 m\u00e1s que en su edici\u00f3n anterior-.<br><\/p>\n\n\n\n<p>\u201cEn esta ocasi\u00f3n vamos a ejercer un total de 45 millones de pesos en el programa, lo cual nos garantiza que vamos a apoyar a aproximadamente mil 800 beneficiarios, y esos mil 800 personas que apoyemos tambi\u00e9n tendr\u00e1n que capacitarse, dec\u00eda yo, en el manejo de las herramientas que les sean entregadas\u201d, se\u00f1al\u00f3 Norberto Morales Poblete, Secretario del Trabajo.<br><\/p>\n\n\n\n<p>Los beneficiarios recibir\u00e1n acompa\u00f1amiento permanente y formaci\u00f3n especializada a trav\u00e9s del Instituto de Capacitaci\u00f3n y Adiestramiento para el Trabajo Industrial (ICATI), en sus 47 Escuelas de Artes y Oficios (EDAYO). Los cursos se enfocar\u00e1n en 11 rubros productivos esenciales, distribuidos de la siguiente manera:<br><\/p>\n\n\n\n<p>-Servicios: est\u00e9tica, jardiner\u00eda, taller mec\u00e1nico, vulcanizadora, est\u00e9tica canina, y manicure y decoraci\u00f3n de u\u00f1as.<br><\/p>\n\n\n\n<p>-Alimentos: reposter\u00eda y cocina saludable.<br><\/p>\n\n\n\n<p>-Transformaci\u00f3n de materias primas: carpinter\u00eda con corte l\u00e1ser, herrer\u00eda, y corte y confecci\u00f3n.<br><\/p>\n\n\n\n<p>Las bases de esta convocatoria est\u00e1n disponibles en: https:\/\/strabajo.edomex.gob.mx\/sites\/strabajo.edomex.gob.mx\/files\/files\/AP\/2025\/CONVOCATORIA_AUTOEMPLEO_2025.pdf.<br><\/p>\n\n\n\n<p>El Secretario del Trabajo destac\u00f3 que, en esta tercera edici\u00f3n, el programa incluir\u00e1 a mexiquenses repatriados, reconociendo el esfuerzo de quienes, tras buscar oportunidades en el extranjero, hoy enfrentan nuevos retos en su reincorporaci\u00f3n laboral; indic\u00f3 que la medida reafirma la vocaci\u00f3n humanista y solidaria de un Gobierno que garantiza oportunidades para todas y todos.<br><\/p>\n\n\n\n<p>Agreg\u00f3 que el \u201cApoyo al Autoempleo para el Bienestar\u201d cumple con el compromiso de la Gobernadora Delfina G\u00f3mez \u00c1lvarez de colocar en el centro de la pol\u00edtica p\u00fablica a las y los trabajadores mexiquenses, dando alternativas reales de autoempleo a quienes enfrentan condiciones de pobreza.<br><\/p>\n\n\n\n<p>El registro para acceder a este apoyo, que consiste en hasta 25 mil pesos en especie para proyectos productivos, estar\u00e1 abierto de manera presencial del 23 de junio al 2 de julio en las Oficinas Regionales de Empleo, y en l\u00ednea a trav\u00e9s de la p\u00e1gina oficial de la Secretar\u00eda del Trabajo, en https:\/\/strabajo.edomex.gob.mx\/.<br><\/p>\n\n\n\n<p>El Gobierno del Estado de M\u00e9xico reitera su compromiso de impulsar pol\u00edticas que prioricen el empleo digno, el trabajo comunitario y la dignificaci\u00f3n de los oficios tradicionales como motor de la econom\u00eda local.<\/p>\n","protected":false},"excerpt":{"rendered":"<p>-Lanza convocatoria 2025 del Programa \u201cApoyo al Autoempleo para el Bienestar\u201d, que contempla mil 800 beneficiarios para fortalecer y dignificar el trabajo aut\u00f3nomo. Para impulsar y dignificar el trabajo aut\u00f3nomo y generar condiciones para una vida m\u00e1s justa y solidaria para las familias mexiquenses, la Secretar\u00eda del Trabajo del Gobierno del Estado de M\u00e9xico lanz\u00f3 [&hellip;]<\/p>\n","protected":false},"author":1,"featured_media":86519,"comment_status":"closed","ping_status":"closed","sticky":false,"template":"","format":"standard","meta":{"footnotes":""},"categories":[36],"tags":[],"class_list":["post-86518","post","type-post","status-publish","format-standard","has-post-thumbnail","hentry","category-edomex"],"_links":{"self":[{"href":"https:\/\/elinformante.mx\/index.php?rest_route=\/wp\/v2\/posts\/86518","targetHints":{"allow":["GET"]}}],"collection":[{"href":"https:\/\/elinformante.mx\/index.php?rest_route=\/wp\/v2\/posts"}],"about":[{"href":"https:\/\/elinformante.mx\/index.php?rest_route=\/wp\/v2\/types\/post"}],"author":[{"embeddable":true,"href":"https:\/\/elinformante.mx\/index.php?rest_route=\/wp\/v2\/users\/1"}],"replies":[{"embeddable":true,"href":"https:\/\/elinformante.mx\/index.php?rest_route=%2Fwp%2Fv2%2Fcomments&post=86518"}],"version-history":[{"count":0,"href":"https:\/\/elinformante.mx\/index.php?rest_route=\/wp\/v2\/posts\/86518\/revisions"}],"wp:featuredmedia":[{"embeddable":true,"href":"https:\/\/elinformante.mx\/index.php?rest_route=\/wp\/v2\/media\/86519"}],"wp:attachment":[{"href":"https:\/\/elinformante.mx\/index.php?rest_route=%2Fwp%2Fv2%2Fmedia&parent=86518"}],"wp:term":[{"taxonomy":"category","embeddable":true,"href":"https:\/\/elinformante.mx\/index.php?rest_route=%2Fwp%2Fv2%2Fcategories&post=86518"},{"taxonomy":"post_tag","embeddable":true,"href":"https:\/\/elinformante.mx\/index.php?rest_route=%2Fwp%2Fv2%2Ftags&post=86518"}],"curies":[{"name":"wp","href":"https:\/\/api.w.org\/{rel}","templated":true}]}}