{"id":86542,"date":"2025-06-24T05:31:10","date_gmt":"2025-06-24T11:31:10","guid":{"rendered":"https:\/\/elinformante.mx\/?p=86542"},"modified":"2025-06-24T05:31:12","modified_gmt":"2025-06-24T11:31:12","slug":"edomex-lidera-a-la-industria-automotriz-nacional-con-mas-de-12000-empresas-del-sector-laura-gonzalez","status":"publish","type":"post","link":"https:\/\/elinformante.mx\/?p=86542","title":{"rendered":"Edom\u00e9x lidera a la industria automotriz nacional con m\u00e1s de 12,000 empresas del sector: Laura Gonz\u00e1lez"},"content":{"rendered":"\n<figure class=\"wp-block-pullquote\"><blockquote><p>-Celebran 100 a\u00f1os de Ford en M\u00e9xico; ensamblan en Cuautitl\u00e1n Izcalli primer auto el\u00e9ctrico nacional.<\/p><\/blockquote><\/figure>\n\n\n\n<p class=\"has-drop-cap\">Con 12 mil 457 empresas vinculadas a la industria automotriz, el Estado de M\u00e9xico se posiciona como el l\u00edder nacional en este sector, que representa uno de los pilares productivos m\u00e1s relevantes para la econom\u00eda del pa\u00eds.<br><\/p>\n\n\n\n<p>Durante la ceremonia por el centenario de Ford en M\u00e9xico, Laura Gonz\u00e1lez Hern\u00e1ndez, titular de la Secretar\u00eda de Desarrollo Econ\u00f3mico (Sedeco), dio a conocer que en la entidad se ensambl\u00f3 el primer veh\u00edculo el\u00e9ctrico nacional, el Mustang Mach-E, exportado a m\u00e1s de 30 pa\u00edses desde la planta de Cuautitl\u00e1n Izcalli.<br><\/p>\n\n\n\n<p>Con la representaci\u00f3n de la Gobernadora Delfina G\u00f3mez \u00c1lvarez, la titular de Sedeco precis\u00f3 que, solo en 2024, el 58 por ciento de las exportaciones mexiquenses correspondieron a equipo de transporte, y que este sector ha captado el 16.5% de la Inversi\u00f3n Extranjera Directa (IED) estatal y la generaci\u00f3n de empleos.<br><\/p>\n\n\n\n<p>\u201cHoy Ford genera m\u00e1s de 6 mil empleos directos en el Estado de M\u00e9xico, los que con toda seguridad seguir\u00e1n creciendo, porque este territorio es en el que ofrecemos condiciones de alta competitividad para las inversiones, certeza jur\u00eddica para los inversionistas y talento humano claramente orientado al dar los mejores resultados en su \u00e1mbito de responsabilidad laboral\u201d, afirm\u00f3 Laura Gonz\u00e1lez Hern\u00e1ndez.<br><\/p>\n\n\n\n<p>Asimismo, autoridades estatales y federales destacaron la consolidaci\u00f3n del Edom\u00e9x como motor clave de la industria automotriz, al concentrar el 10 por ciento del valor agregado del sector en el pa\u00eds y albergar nueve plantas armadoras, dos f\u00e1bricas de motores y el primer centro global de tecnolog\u00eda de la firma en Am\u00e9rica Latina.<br><\/p>\n\n\n\n<p>Por su parte, Vidal Llerenas Morales, Subsecretario de Industria y Comercio de la Secretar\u00eda de Econom\u00eda federal, reconoci\u00f3 la importancia de la participaci\u00f3n estatal en el fortalecimiento de la industria automotriz nacional, que produce alrededor de cuatro millones de veh\u00edculos al a\u00f1o, de los cuales Ford representa el 15 por ciento.<br><\/p>\n\n\n\n<p>\u201cEste avance es resultado del trabajo conjunto con los estados, comprometidos con la calidad en la capacitaci\u00f3n, la tecnolog\u00eda y la productividad de las plantas\u201d, dijo el funcionario.<br><\/p>\n\n\n\n<p>El evento cont\u00f3 con la presencia de Jim Farley, CEO global de Ford Motor Company; Andrew Frick, Presidente de Ford Blue y Model E; Lucien Pinto, Director General de Ford M\u00e9xico; as\u00ed como embajadores y gobernadores de entidades clave para el sector automotor.<\/p>\n","protected":false},"excerpt":{"rendered":"<p>-Celebran 100 a\u00f1os de Ford en M\u00e9xico; ensamblan en Cuautitl\u00e1n Izcalli primer auto el\u00e9ctrico nacional. Con 12 mil 457 empresas vinculadas a la industria automotriz, el Estado de M\u00e9xico se posiciona como el l\u00edder nacional en este sector, que representa uno de los pilares productivos m\u00e1s relevantes para la econom\u00eda del pa\u00eds. Durante la ceremonia [&hellip;]<\/p>\n","protected":false},"author":1,"featured_media":86543,"comment_status":"closed","ping_status":"closed","sticky":false,"template":"","format":"standard","meta":{"footnotes":""},"categories":[36],"tags":[],"class_list":["post-86542","post","type-post","status-publish","format-standard","has-post-thumbnail","hentry","category-edomex"],"_links":{"self":[{"href":"https:\/\/elinformante.mx\/index.php?rest_route=\/wp\/v2\/posts\/86542","targetHints":{"allow":["GET"]}}],"collection":[{"href":"https:\/\/elinformante.mx\/index.php?rest_route=\/wp\/v2\/posts"}],"about":[{"href":"https:\/\/elinformante.mx\/index.php?rest_route=\/wp\/v2\/types\/post"}],"author":[{"embeddable":true,"href":"https:\/\/elinformante.mx\/index.php?rest_route=\/wp\/v2\/users\/1"}],"replies":[{"embeddable":true,"href":"https:\/\/elinformante.mx\/index.php?rest_route=%2Fwp%2Fv2%2Fcomments&post=86542"}],"version-history":[{"count":0,"href":"https:\/\/elinformante.mx\/index.php?rest_route=\/wp\/v2\/posts\/86542\/revisions"}],"wp:featuredmedia":[{"embeddable":true,"href":"https:\/\/elinformante.mx\/index.php?rest_route=\/wp\/v2\/media\/86543"}],"wp:attachment":[{"href":"https:\/\/elinformante.mx\/index.php?rest_route=%2Fwp%2Fv2%2Fmedia&parent=86542"}],"wp:term":[{"taxonomy":"category","embeddable":true,"href":"https:\/\/elinformante.mx\/index.php?rest_route=%2Fwp%2Fv2%2Fcategories&post=86542"},{"taxonomy":"post_tag","embeddable":true,"href":"https:\/\/elinformante.mx\/index.php?rest_route=%2Fwp%2Fv2%2Ftags&post=86542"}],"curies":[{"name":"wp","href":"https:\/\/api.w.org\/{rel}","templated":true}]}}