{"id":86585,"date":"2025-06-24T06:29:43","date_gmt":"2025-06-24T12:29:43","guid":{"rendered":"https:\/\/elinformante.mx\/?p=86585"},"modified":"2025-06-24T06:29:45","modified_gmt":"2025-06-24T12:29:45","slug":"firmara-sheinbaum-decreto-para-mejorar-condiciones-laborales-de-maestros","status":"publish","type":"post","link":"https:\/\/elinformante.mx\/?p=86585","title":{"rendered":"Firmar\u00e1 Sheinbaum decreto para mejorar condiciones laborales de maestros"},"content":{"rendered":"\n<figure class=\"wp-block-pullquote\"><blockquote><p>-Con el decreto para facilitar la movilidad de maestras y maestros, se podr\u00e1 acercar a los docentes a sus hogares, cuyas asignaciones ser\u00e1n presenciales y en eventos p\u00fablicos<\/p><\/blockquote><\/figure>\n\n\n\n<p class=\"has-drop-cap\">La Presidenta Claudia Sheinbaum Pardo firm\u00f3 dos decretos que mejoran las condiciones laborales del magisterio nacional: el primero, que facilita la movilidad de maestras y maestros permiti\u00e9ndoles solicitar cambios para trabajar en escuelas cerca de sus hogares, en el marco de la Unidad del Sistema para la Carrera de las Maestras y Maestros (USICAMM) \u2014en tanto se dialoga escuela por escuela los cambios necesarios para desaparecer este mecanismo y construir una propuesta desde abajo\u2014; y el segundo, que les permitir\u00e1 acceder a una pensi\u00f3n jubilatoria justa y digna, reduciendo la edad de jubilaci\u00f3n para que en 2034 quede en 53 a\u00f1os para las mujeres y 55 a\u00f1os para hombres.<br><\/p>\n\n\n\n<p>Destac\u00f3 que, con el magisterio nacional se continuar\u00e1 dialogando sobre la Ley del Instituto de Seguridad y Servicios Sociales de los Trabajadores del Estado (ISSSTE) del 2007, mientras que los maestros y maestras que se jubilan con el r\u00e9gimen de cuentas individualizadas tienen en el Fondo de Pensiones para el Bienestar una alternativa para jubilarse con su salario completo, adem\u00e1s de que desde el Gobierno de M\u00e9xico se trabaja para mejorar las condiciones del magisterio.<br><\/p>\n\n\n\n<p>La Jefa del Ejecutivo Federal, record\u00f3 que para la desaparici\u00f3n del USICAMM, se realizar\u00e1n presencialmente asambleas para que se tomen en cuenta las opiniones y propuestas de todas las maestras y maestros.<br><\/p>\n\n\n\n<p>El secretario de Educaci\u00f3n P\u00fablica, Mario Delgado Carrillo, explic\u00f3 que, con el decreto para facilitar la movilidad de maestras y maestros, se realizar\u00e1n asignaciones presenciales en eventos p\u00fablicos, nivel por nivel, con lo cual ser\u00e1 un proceso m\u00e1s transparente y la antig\u00fcedad ser\u00e1 el \u00fanico factor a considerar. Inform\u00f3 que este nuevo mecanismo arrancar\u00e1 el pr\u00f3ximo proceso del 25 de junio.<br><\/p>\n\n\n\n<p>Por su parte, sobre el decreto para acceder a una pensi\u00f3n jubilatoria justa y digna, record\u00f3 que la Ley del ISSSTE del 2007 establece en su art\u00edculo d\u00e9cimo transitorio que la jubilaci\u00f3n es a los 28 a\u00f1os de servicio para mujeres y 30 a\u00f1os para hombres, pero adicional a ello es necesario cumplir con una edad m\u00ednima de jubilaci\u00f3n que se incrementa cada dos a\u00f1os, con lo cual al 2028 se llegar\u00eda a una edad de 58 a\u00f1os para mujeres y 60 a\u00f1os para hombres. Ante esto, con el decreto firmado por la Jefa del Ejecutivo Federal la edad de jubilaci\u00f3n llegar\u00e1 para el 2034 a 53 a\u00f1os para mujeres y 55 para hombres, lo que puntualiz\u00f3 requerir\u00e1 de una inversi\u00f3n de 36 mil millones de pesos (mdp).<\/p>\n","protected":false},"excerpt":{"rendered":"<p>-Con el decreto para facilitar la movilidad de maestras y maestros, se podr\u00e1 acercar a los docentes a sus hogares, cuyas asignaciones ser\u00e1n presenciales y en eventos p\u00fablicos La Presidenta Claudia Sheinbaum Pardo firm\u00f3 dos decretos que mejoran las condiciones laborales del magisterio nacional: el primero, que facilita la movilidad de maestras y maestros permiti\u00e9ndoles [&hellip;]<\/p>\n","protected":false},"author":1,"featured_media":86586,"comment_status":"closed","ping_status":"closed","sticky":false,"template":"","format":"standard","meta":{"footnotes":""},"categories":[34],"tags":[],"class_list":["post-86585","post","type-post","status-publish","format-standard","has-post-thumbnail","hentry","category-nacional"],"_links":{"self":[{"href":"https:\/\/elinformante.mx\/index.php?rest_route=\/wp\/v2\/posts\/86585","targetHints":{"allow":["GET"]}}],"collection":[{"href":"https:\/\/elinformante.mx\/index.php?rest_route=\/wp\/v2\/posts"}],"about":[{"href":"https:\/\/elinformante.mx\/index.php?rest_route=\/wp\/v2\/types\/post"}],"author":[{"embeddable":true,"href":"https:\/\/elinformante.mx\/index.php?rest_route=\/wp\/v2\/users\/1"}],"replies":[{"embeddable":true,"href":"https:\/\/elinformante.mx\/index.php?rest_route=%2Fwp%2Fv2%2Fcomments&post=86585"}],"version-history":[{"count":0,"href":"https:\/\/elinformante.mx\/index.php?rest_route=\/wp\/v2\/posts\/86585\/revisions"}],"wp:featuredmedia":[{"embeddable":true,"href":"https:\/\/elinformante.mx\/index.php?rest_route=\/wp\/v2\/media\/86586"}],"wp:attachment":[{"href":"https:\/\/elinformante.mx\/index.php?rest_route=%2Fwp%2Fv2%2Fmedia&parent=86585"}],"wp:term":[{"taxonomy":"category","embeddable":true,"href":"https:\/\/elinformante.mx\/index.php?rest_route=%2Fwp%2Fv2%2Fcategories&post=86585"},{"taxonomy":"post_tag","embeddable":true,"href":"https:\/\/elinformante.mx\/index.php?rest_route=%2Fwp%2Fv2%2Ftags&post=86585"}],"curies":[{"name":"wp","href":"https:\/\/api.w.org\/{rel}","templated":true}]}}