{"id":86591,"date":"2025-06-24T06:32:12","date_gmt":"2025-06-24T12:32:12","guid":{"rendered":"https:\/\/elinformante.mx\/?p=86591"},"modified":"2025-06-24T06:32:14","modified_gmt":"2025-06-24T12:32:14","slug":"desaceleracion-economica-en-mexico","status":"publish","type":"post","link":"https:\/\/elinformante.mx\/?p=86591","title":{"rendered":"DESACELERACI\u00d3N ECON\u00d3MICA EN M\u00c9XICO"},"content":{"rendered":"\n<figure class=\"wp-block-pullquote\"><blockquote><p><strong>Por: Dr. Salvador Rivas Aceves<\/strong><\/p><\/blockquote><\/figure>\n\n\n\n<p class=\"has-drop-cap\">Durante el 2023 y el 2024, la econom\u00eda mexicana entr\u00f3 en una fase de recuperaci\u00f3n econ\u00f3mica luego de la crisis del COVID19. Sin embargo, a finales del a\u00f1o pasado, pero sobre todo en los primeros 3 meses de este a\u00f1o, la din\u00e1mica econ\u00f3mica de nuestro pa\u00eds se ha desacelerado. El ritmo de la actividad econ\u00f3mica ha registrado un retroceso del 1.3% en los \u00faltimos 9 meses, de acuerdo a cifras del INEGI, este producto de una contracci\u00f3n generalizada del mercado interno.<br><\/p>\n\n\n\n<p>Del lado de la demanda, el consumo privado muestra una ca\u00edda del 1.4% a tasa anual comparada con marzo del 2024, y del 0.5 a tasa mensual respecto de febrero del 2025. La principal contracci\u00f3n se dio en el consumo de bienes finales nacionales (-1%), as\u00ed como en el consumo de bienes intermedios importados (-6.1%). En consecuencia, la demanda de bienes y servicios est\u00e1 ocasionado la contracci\u00f3n usual en la oferta. Si analizamos el indicador de Formaci\u00f3n Bruta de Capital Fijo, la inversi\u00f3n en M\u00e9xico cay\u00f3 4.7% a tasa anual respecto a marzo del 2024. Las actividades con mayores contracciones fueron la construcci\u00f3n no residencial con un -17.1%, equipo de transporte importado en -14.8%, equipo de transporte nacional disminuy\u00f3 en -10%, maquinaria y otros bienes de capital productivo importado en -7.7%, seg\u00fan datos de INEGI.<br><\/p>\n\n\n\n<p>Dado que la inversi\u00f3n est\u00e1 presentando una ca\u00edda importante, es normal esperar que la producci\u00f3n se ajuste de manera similar en los pr\u00f3ximos meses, lo que impactar\u00e1 de manera negativa en la tasa de crecimiento econ\u00f3mico del pa\u00eds. Si la producci\u00f3n cae, podr\u00eda afectar el ingreso de los agentes econ\u00f3micos lo que reducir\u00eda a\u00fan m\u00e1s el consumo privado, afectado as\u00ed las expectativas de inversi\u00f3n futuras de manera negativa, entrando en un c\u00edrculo vicioso el cual solo puede ser interrumpido por la pol\u00edtica econ\u00f3mica del gobierno.<br><\/p>\n\n\n\n<p>Actualmente la pol\u00edtica monetaria est\u00e1 mandando se\u00f1ales antic\u00edclicas para revitalizar el mercado interno, sin embargo, el nivel de la tasa de inter\u00e9s sigue siendo muy alto para lograr tal objetivo. La pol\u00edtica fiscal sigue sin movimientos, ya que los est\u00edmulos fiscales al aparato productivo son muy pocos y de bajo impacto. Esperemos que pronto existan otras se\u00f1ales de mercado que reactiven al mercado interno para recuperar el ritmo de crecimiento mostrado en el 2023 o incluso alcanzar uno mayor.<\/p>\n","protected":false},"excerpt":{"rendered":"<p>Por: Dr. Salvador Rivas Aceves Durante el 2023 y el 2024, la econom\u00eda mexicana entr\u00f3 en una fase de recuperaci\u00f3n econ\u00f3mica luego de la crisis del COVID19. Sin embargo, a finales del a\u00f1o pasado, pero sobre todo en los primeros 3 meses de este a\u00f1o, la din\u00e1mica econ\u00f3mica de nuestro pa\u00eds se ha desacelerado. El [&hellip;]<\/p>\n","protected":false},"author":1,"featured_media":86592,"comment_status":"closed","ping_status":"closed","sticky":false,"template":"","format":"standard","meta":{"footnotes":""},"categories":[32],"tags":[],"class_list":["post-86591","post","type-post","status-publish","format-standard","has-post-thumbnail","hentry","category-editorial"],"_links":{"self":[{"href":"https:\/\/elinformante.mx\/index.php?rest_route=\/wp\/v2\/posts\/86591","targetHints":{"allow":["GET"]}}],"collection":[{"href":"https:\/\/elinformante.mx\/index.php?rest_route=\/wp\/v2\/posts"}],"about":[{"href":"https:\/\/elinformante.mx\/index.php?rest_route=\/wp\/v2\/types\/post"}],"author":[{"embeddable":true,"href":"https:\/\/elinformante.mx\/index.php?rest_route=\/wp\/v2\/users\/1"}],"replies":[{"embeddable":true,"href":"https:\/\/elinformante.mx\/index.php?rest_route=%2Fwp%2Fv2%2Fcomments&post=86591"}],"version-history":[{"count":0,"href":"https:\/\/elinformante.mx\/index.php?rest_route=\/wp\/v2\/posts\/86591\/revisions"}],"wp:featuredmedia":[{"embeddable":true,"href":"https:\/\/elinformante.mx\/index.php?rest_route=\/wp\/v2\/media\/86592"}],"wp:attachment":[{"href":"https:\/\/elinformante.mx\/index.php?rest_route=%2Fwp%2Fv2%2Fmedia&parent=86591"}],"wp:term":[{"taxonomy":"category","embeddable":true,"href":"https:\/\/elinformante.mx\/index.php?rest_route=%2Fwp%2Fv2%2Fcategories&post=86591"},{"taxonomy":"post_tag","embeddable":true,"href":"https:\/\/elinformante.mx\/index.php?rest_route=%2Fwp%2Fv2%2Ftags&post=86591"}],"curies":[{"name":"wp","href":"https:\/\/api.w.org\/{rel}","templated":true}]}}