{"id":86621,"date":"2025-06-25T05:43:17","date_gmt":"2025-06-25T11:43:17","guid":{"rendered":"https:\/\/elinformante.mx\/?p=86621"},"modified":"2025-06-25T05:43:19","modified_gmt":"2025-06-25T11:43:19","slug":"renueva-neymar-contrato-con-el-santos","status":"publish","type":"post","link":"https:\/\/elinformante.mx\/?p=86621","title":{"rendered":"Renueva Neymar contrato con el Santos"},"content":{"rendered":"\n<figure class=\"wp-block-pullquote\"><blockquote><p>Ha sido cuestionado en Brasil por su asistencia al carnaval de R\u00edo de Janeiro y juegos de la Kings League en per\u00edodo de rehabilitaci\u00f3n.<\/p><\/blockquote><\/figure>\n\n\n\n<p class=\"has-drop-cap\">Se inform\u00f3 que Neymar ha renovado hasta el final del a\u00f1o su contrato con el Santos, equipo donde inici\u00f3 su carrera, terminando con los rumores que se mantuvieron durante semanas y que pon\u00edan grandes interrogantes sobre su futuro en el futbol de Brasil y sobre todo en la Selecci\u00f3n de Brasil.<br><\/p>\n\n\n\n<p>Es conocido que el contrato de Neymar vencer\u00eda este pr\u00f3ximo lunes, pero mediante un comunicado emitido por el equipo se acabaron las dudas.<br><\/p>\n\n\n\n<p>\u201cDespu\u00e9s de cumplir la promesa de retornar en enero, Neymar da Silva Santos J\u00fanior SE QUEDA en el Santos. El crack firm\u00f3 la renovaci\u00f3n de su contrato con el Peixe hasta el final de 2025, con posibilidades de extensi\u00f3n al t\u00e9rmino del v\u00ednculo\u201d.<br><\/p>\n\n\n\n<p>Mientras que el brasile\u00f1o, igual utiliz\u00f3 las redes para mostrar su alegr\u00eda por quedarse con el equipo que lo v\u00edo convertirse en una estrella: \u201cVolv\u00ed y me quedo donde todo comenz\u00f3 y donde nunca va a acabar\u201d.<br><\/p>\n\n\n\n<p>\u00cdcono del Santos, con el que gan\u00f3 la Copa Libertadores de 2011, Neymar retorn\u00f3 al Peixe en enero, despu\u00e9s de que una grave lesi\u00f3n en la rodilla izquierda arruinase su etapa en el Al-Hilal de Arabia Saudita.<br><\/p>\n\n\n\n<p>Una sucesi\u00f3n de nuevas lesiones le limitaron a apenas cuatro partidos, sin goles anotados, en el Brasileirao de 2025. Jug\u00f3 siete encuentros en el Campeonato Paulista, en el que anot\u00f3 tres tantos.<br><\/p>\n\n\n\n<p>Ha sido cuestionado en Brasil por su asistencia al carnaval de R\u00edo de Janeiro y juegos de la Kings League en per\u00edodo de rehabilitaci\u00f3n.<br><\/p>\n\n\n\n<p>Pero a pesar de las cr\u00edticas no se puede negar que tiene una gran trayectoria, el brasile\u00f1o gan\u00f3 dos t\u00edtulos de la Liga espa\u00f1ola, tres de la Copa del Rey, uno de la Champions League, uno de la Supercopa de Europa y uno del Mundial de Clubes, entre otros \u00e9xitos.<br><\/p>\n\n\n\n<p>Alz\u00f3 cinco trofeos de la Ligue 1, tres de la Copa de Francia y dos de la Copa de la Liga con el Par\u00eds Saint-Germain. Seg\u00fan reportes de los \u00faltimos d\u00edas en la prensa brasile\u00f1a, clubes de Europa, como el Fenerbah\u00e7e turco del entrenador portugu\u00e9s Jose Mourinho, ten\u00edan inter\u00e9s en contar con Neymar, una situaci\u00f3n habitual en negociaciones de este tipo.<\/p>\n","protected":false},"excerpt":{"rendered":"<p>Ha sido cuestionado en Brasil por su asistencia al carnaval de R\u00edo de Janeiro y juegos de la Kings League en per\u00edodo de rehabilitaci\u00f3n. Se inform\u00f3 que Neymar ha renovado hasta el final del a\u00f1o su contrato con el Santos, equipo donde inici\u00f3 su carrera, terminando con los rumores que se mantuvieron durante semanas y [&hellip;]<\/p>\n","protected":false},"author":1,"featured_media":86622,"comment_status":"closed","ping_status":"closed","sticky":false,"template":"","format":"standard","meta":{"footnotes":""},"categories":[38,30],"tags":[],"class_list":["post-86621","post","type-post","status-publish","format-standard","has-post-thumbnail","hentry","category-deportes","category-destacado"],"_links":{"self":[{"href":"https:\/\/elinformante.mx\/index.php?rest_route=\/wp\/v2\/posts\/86621","targetHints":{"allow":["GET"]}}],"collection":[{"href":"https:\/\/elinformante.mx\/index.php?rest_route=\/wp\/v2\/posts"}],"about":[{"href":"https:\/\/elinformante.mx\/index.php?rest_route=\/wp\/v2\/types\/post"}],"author":[{"embeddable":true,"href":"https:\/\/elinformante.mx\/index.php?rest_route=\/wp\/v2\/users\/1"}],"replies":[{"embeddable":true,"href":"https:\/\/elinformante.mx\/index.php?rest_route=%2Fwp%2Fv2%2Fcomments&post=86621"}],"version-history":[{"count":0,"href":"https:\/\/elinformante.mx\/index.php?rest_route=\/wp\/v2\/posts\/86621\/revisions"}],"wp:featuredmedia":[{"embeddable":true,"href":"https:\/\/elinformante.mx\/index.php?rest_route=\/wp\/v2\/media\/86622"}],"wp:attachment":[{"href":"https:\/\/elinformante.mx\/index.php?rest_route=%2Fwp%2Fv2%2Fmedia&parent=86621"}],"wp:term":[{"taxonomy":"category","embeddable":true,"href":"https:\/\/elinformante.mx\/index.php?rest_route=%2Fwp%2Fv2%2Fcategories&post=86621"},{"taxonomy":"post_tag","embeddable":true,"href":"https:\/\/elinformante.mx\/index.php?rest_route=%2Fwp%2Fv2%2Ftags&post=86621"}],"curies":[{"name":"wp","href":"https:\/\/api.w.org\/{rel}","templated":true}]}}