{"id":86632,"date":"2025-06-25T05:49:50","date_gmt":"2025-06-25T11:49:50","guid":{"rendered":"https:\/\/elinformante.mx\/?p=86632"},"modified":"2025-06-25T05:49:54","modified_gmt":"2025-06-25T11:49:54","slug":"isaac-montoya-garantizara-el-bienestar-de-los-adultos-mayores-en-naucalpan","status":"publish","type":"post","link":"https:\/\/elinformante.mx\/?p=86632","title":{"rendered":"Isaac Montoya garantizar\u00e1 el bienestar de los adultos mayores en Naucalpan"},"content":{"rendered":"\n<figure class=\"wp-block-pullquote\"><blockquote><p>Firmaron un convenio para garantizar la dignidad y el bienestar de las personas adultas mayores.<\/p><\/blockquote><\/figure>\n\n\n\n<p class=\"has-drop-cap\">El presidente municipal de Naucalpan, Isaac Montoya M\u00e1rquez, firm\u00f3 un convenio de colaboraci\u00f3n con el DIF Naucalpan para trabajar de juntos por el cuidado, atenci\u00f3n y calidad de vida de quienes tanto han dado por el municipio, los adultos mayores.<br><\/p>\n\n\n\n<p>Desde el Hogar Marilla A.C. Montoya M\u00e1rquez afirm\u00f3 que este convenio representa un acto de justicia y reconocimiento las personas mayores.<br><\/p>\n\n\n\n<p>En el evento estuvo acompa\u00f1ado por 60 residentes y 20 integrantes del Club de Adultos Mayores del DIF, frente a los cuales reafirm\u00f3 que en Naucalpan ninguna generaci\u00f3n queda atr\u00e1s.<br><\/p>\n\n\n\n<p>Montoya M\u00e1rquez agradeci\u00f3 a la Presidenta honoraria del DIF, Adriana G, as\u00ed como al Director General de Casa Hogar Marillac, Christian Mora Chac\u00f3n quienes estuvieron acompa\u00f1ados de Blanca Estela Rodr\u00edguez Jaramillo, Subdirectora; Claudio Visintini, apoderado legal; y Cecilia Figueroa Rodr\u00edguez, Directora del SIMDIF, a quienes agradeci\u00f3 por todo su compromiso y acompa\u00f1amiento.<br><\/p>\n\n\n\n<figure class=\"wp-block-image size-large\"><img fetchpriority=\"high\" decoding=\"async\" width=\"1024\" height=\"506\" src=\"https:\/\/elinformante.mx\/wp-content\/uploads\/2025\/06\/12naucalpan-1024x506.jpg\" alt=\"\" class=\"wp-image-86634\" srcset=\"https:\/\/elinformante.mx\/wp-content\/uploads\/2025\/06\/12naucalpan-1024x506.jpg 1024w, https:\/\/elinformante.mx\/wp-content\/uploads\/2025\/06\/12naucalpan-300x148.jpg 300w, https:\/\/elinformante.mx\/wp-content\/uploads\/2025\/06\/12naucalpan-768x379.jpg 768w, https:\/\/elinformante.mx\/wp-content\/uploads\/2025\/06\/12naucalpan.jpg 1140w\" sizes=\"(max-width: 1024px) 100vw, 1024px\" \/><\/figure>\n\n\n\n<p>Poco despu\u00e9s Montoya M\u00e1rquez se dirigi\u00f3 a convivir con las Param\u00e9dicas y Param\u00e9dicos de la Coordinaci\u00f3n Municipal de Protecci\u00f3n Civil y Bomberos, en su d\u00eda.<br><\/p>\n\n\n\n<p>Reconoci\u00f3 ante ellos, que su labor, que muchas veces es silenciosa, es vital para salvar vidas. \u201cEn este gobierno valoramos profundamente el esfuerzo que realizan todos los d\u00edas\u201d.<br><\/p>\n\n\n\n<p>Mencion\u00f3 ante todo el personal que ellos siempre contar\u00e1n con todo el respaldo de su gobierno, y les dio a conocer que dentro de poco tendr\u00e1n nuevas ambulancias, adem\u00e1s de que se mejoraran sus instalaciones y sus condiciones laborales.<br><\/p>\n\n\n\n<p>Montoya M\u00e1rquez le dio a conocer que ya se tiene pl\u00e1ticas para poder tener el nuevo Centro Integral de Seguridad de Emergencias y Justicia.<br><\/p>\n\n\n\n<p>Durante el evento y como peque\u00f1o gesto de agradecimiento se rifaron pantallas entre quienes siempre est\u00e1n al pie del ca\u00f1\u00f3n.<\/p>\n","protected":false},"excerpt":{"rendered":"<p>Firmaron un convenio para garantizar la dignidad y el bienestar de las personas adultas mayores. El presidente municipal de Naucalpan, Isaac Montoya M\u00e1rquez, firm\u00f3 un convenio de colaboraci\u00f3n con el DIF Naucalpan para trabajar de juntos por el cuidado, atenci\u00f3n y calidad de vida de quienes tanto han dado por el municipio, los adultos mayores. [&hellip;]<\/p>\n","protected":false},"author":1,"featured_media":86633,"comment_status":"closed","ping_status":"closed","sticky":false,"template":"","format":"standard","meta":{"footnotes":""},"categories":[36],"tags":[],"class_list":["post-86632","post","type-post","status-publish","format-standard","has-post-thumbnail","hentry","category-edomex"],"_links":{"self":[{"href":"https:\/\/elinformante.mx\/index.php?rest_route=\/wp\/v2\/posts\/86632","targetHints":{"allow":["GET"]}}],"collection":[{"href":"https:\/\/elinformante.mx\/index.php?rest_route=\/wp\/v2\/posts"}],"about":[{"href":"https:\/\/elinformante.mx\/index.php?rest_route=\/wp\/v2\/types\/post"}],"author":[{"embeddable":true,"href":"https:\/\/elinformante.mx\/index.php?rest_route=\/wp\/v2\/users\/1"}],"replies":[{"embeddable":true,"href":"https:\/\/elinformante.mx\/index.php?rest_route=%2Fwp%2Fv2%2Fcomments&post=86632"}],"version-history":[{"count":0,"href":"https:\/\/elinformante.mx\/index.php?rest_route=\/wp\/v2\/posts\/86632\/revisions"}],"wp:featuredmedia":[{"embeddable":true,"href":"https:\/\/elinformante.mx\/index.php?rest_route=\/wp\/v2\/media\/86633"}],"wp:attachment":[{"href":"https:\/\/elinformante.mx\/index.php?rest_route=%2Fwp%2Fv2%2Fmedia&parent=86632"}],"wp:term":[{"taxonomy":"category","embeddable":true,"href":"https:\/\/elinformante.mx\/index.php?rest_route=%2Fwp%2Fv2%2Fcategories&post=86632"},{"taxonomy":"post_tag","embeddable":true,"href":"https:\/\/elinformante.mx\/index.php?rest_route=%2Fwp%2Fv2%2Ftags&post=86632"}],"curies":[{"name":"wp","href":"https:\/\/api.w.org\/{rel}","templated":true}]}}