{"id":86644,"date":"2025-06-25T06:01:48","date_gmt":"2025-06-25T12:01:48","guid":{"rendered":"https:\/\/elinformante.mx\/?p=86644"},"modified":"2025-06-25T06:01:52","modified_gmt":"2025-06-25T12:01:52","slug":"sipinna-zinacantepec-trabaja-para-fortalecer-politicas-en-favor-de-la-ninez-manuel-vilchis","status":"publish","type":"post","link":"https:\/\/elinformante.mx\/?p=86644","title":{"rendered":"SIPINNA Zinacantepec trabaja para fortalecer pol\u00edticas en favor de la ni\u00f1ez: Manuel Vilchis"},"content":{"rendered":"\n<figure class=\"wp-block-pullquote\"><blockquote><p>Se han impulsado en Zinacantepec diversas acciones interinstitucionales que priorizan la voz y las necesidades de ni\u00f1as, ni\u00f1os y adolescentes<\/p><\/blockquote><\/figure>\n\n\n\n<p class=\"has-drop-cap\">El Gobierno Municipal de Zinacantepec, encabezado por el presidente municipal, Manuel Vilchis Viveros, se\u00f1al\u00f3 que trav\u00e9s del Sistema de Protecci\u00f3n Integral de Ni\u00f1as, Ni\u00f1os y Adolescentes (SIPINNA), su gobierno reafirma el compromiso con la garant\u00eda, defensa y promoci\u00f3n de los derechos de la ni\u00f1ez y adolescencia como eje central en la construcci\u00f3n de pol\u00edticas p\u00fablicas con enfoque de derechos humanos.<br><\/p>\n\n\n\n<p>Se\u00f1al\u00f3 que durante el presente a\u00f1o, SIPINNA Zinacantepec ha impulsado diversas acciones interinstitucionales que priorizan la voz y las necesidades de ni\u00f1as, ni\u00f1os y adolescentes (NNA) en el dise\u00f1o e implementaci\u00f3n de programas sociales, educativos y comunitarios, consolidando una administraci\u00f3n sensible, participativa e incluyente.<br><\/p>\n\n\n\n<p>Vilchis Viveros afirm\u00f3 que en Zinacantepec, la ni\u00f1ez y adolescencia no son el futuro; son el presente, y como tal merecen ser escuchados y considerados en la toma de decisiones que impactan sus vidas.<br><\/p>\n\n\n\n<p>Destac\u00f3 los avances logrados en los mecanismos de participaci\u00f3n infantil y la coordinaci\u00f3n con dependencias clave como el DIF municipal, el sector educativo y organismos de salud.<br><\/p>\n\n\n\n<figure class=\"wp-block-image size-large\"><img fetchpriority=\"high\" decoding=\"async\" width=\"1024\" height=\"506\" src=\"https:\/\/elinformante.mx\/wp-content\/uploads\/2025\/06\/11zina-6-1024x506.jpg\" alt=\"\" class=\"wp-image-86646\" srcset=\"https:\/\/elinformante.mx\/wp-content\/uploads\/2025\/06\/11zina-6-1024x506.jpg 1024w, https:\/\/elinformante.mx\/wp-content\/uploads\/2025\/06\/11zina-6-300x148.jpg 300w, https:\/\/elinformante.mx\/wp-content\/uploads\/2025\/06\/11zina-6-768x379.jpg 768w, https:\/\/elinformante.mx\/wp-content\/uploads\/2025\/06\/11zina-6.jpg 1140w\" sizes=\"(max-width: 1024px) 100vw, 1024px\" \/><\/figure>\n\n\n\n<p>Adem\u00e1s mencion\u00f3 que entre los logros m\u00e1s relevantes del presente periodo se encuentran la conformaci\u00f3n y fortalecimiento del Consejo Consultivo de NNA, espacio donde las y los menores pueden expresar sus ideas, preocupaciones y propuestas de mejora para su entorno.<br><\/p>\n\n\n\n<p>Adem\u00e1s de la implementaci\u00f3n de talleres de sensibilizaci\u00f3n en derechos humanos dirigidos a servidores p\u00fablicos, con enfoque en la prevenci\u00f3n del maltrato infantil y el respeto a la diversidad.<br><\/p>\n\n\n\n<p>Junto con la elaboraci\u00f3n del Diagn\u00f3stico Municipal de la Situaci\u00f3n de los Derechos de NNA, documento base para la creaci\u00f3n de pol\u00edticas p\u00fablicas orientadas al bienestar integral de este sector.<br><\/p>\n\n\n\n<p>Vilchis Viveros hizo un llamado, junto con las autoridades de SIPINNA Zinacantepec; a la sociedad civil, instituciones educativas, organizaciones y familias a trabajar en conjunto para seguir construyendo un municipio m\u00e1s justo, seguro y equitativo para la infancia y adolescencia.<\/p>\n","protected":false},"excerpt":{"rendered":"<p>Se han impulsado en Zinacantepec diversas acciones interinstitucionales que priorizan la voz y las necesidades de ni\u00f1as, ni\u00f1os y adolescentes El Gobierno Municipal de Zinacantepec, encabezado por el presidente municipal, Manuel Vilchis Viveros, se\u00f1al\u00f3 que trav\u00e9s del Sistema de Protecci\u00f3n Integral de Ni\u00f1as, Ni\u00f1os y Adolescentes (SIPINNA), su gobierno reafirma el compromiso con la garant\u00eda, [&hellip;]<\/p>\n","protected":false},"author":1,"featured_media":86645,"comment_status":"closed","ping_status":"closed","sticky":false,"template":"","format":"standard","meta":{"footnotes":""},"categories":[30,36],"tags":[],"class_list":["post-86644","post","type-post","status-publish","format-standard","has-post-thumbnail","hentry","category-destacado","category-edomex"],"_links":{"self":[{"href":"https:\/\/elinformante.mx\/index.php?rest_route=\/wp\/v2\/posts\/86644","targetHints":{"allow":["GET"]}}],"collection":[{"href":"https:\/\/elinformante.mx\/index.php?rest_route=\/wp\/v2\/posts"}],"about":[{"href":"https:\/\/elinformante.mx\/index.php?rest_route=\/wp\/v2\/types\/post"}],"author":[{"embeddable":true,"href":"https:\/\/elinformante.mx\/index.php?rest_route=\/wp\/v2\/users\/1"}],"replies":[{"embeddable":true,"href":"https:\/\/elinformante.mx\/index.php?rest_route=%2Fwp%2Fv2%2Fcomments&post=86644"}],"version-history":[{"count":0,"href":"https:\/\/elinformante.mx\/index.php?rest_route=\/wp\/v2\/posts\/86644\/revisions"}],"wp:featuredmedia":[{"embeddable":true,"href":"https:\/\/elinformante.mx\/index.php?rest_route=\/wp\/v2\/media\/86645"}],"wp:attachment":[{"href":"https:\/\/elinformante.mx\/index.php?rest_route=%2Fwp%2Fv2%2Fmedia&parent=86644"}],"wp:term":[{"taxonomy":"category","embeddable":true,"href":"https:\/\/elinformante.mx\/index.php?rest_route=%2Fwp%2Fv2%2Fcategories&post=86644"},{"taxonomy":"post_tag","embeddable":true,"href":"https:\/\/elinformante.mx\/index.php?rest_route=%2Fwp%2Fv2%2Ftags&post=86644"}],"curies":[{"name":"wp","href":"https:\/\/api.w.org\/{rel}","templated":true}]}}