{"id":86655,"date":"2025-06-25T06:21:26","date_gmt":"2025-06-25T12:21:26","guid":{"rendered":"https:\/\/elinformante.mx\/?p=86655"},"modified":"2025-06-25T06:21:27","modified_gmt":"2025-06-25T12:21:27","slug":"presentan-396-mil-servidores-publicos-mexiquenses-su-declaracion-de-modificacion-patrimonial","status":"publish","type":"post","link":"https:\/\/elinformante.mx\/?p=86655","title":{"rendered":"Presentan 396 mil servidores p\u00fablicos mexiquenses su Declaraci\u00f3n de Modificaci\u00f3n Patrimonial"},"content":{"rendered":"\n<figure class=\"wp-block-pullquote\"><blockquote><p>Desde enero pasado se puso en marcha un programa integral de capacitaci\u00f3n para facilitar el cumplimiento de esta obligaci\u00f3n.<\/p><\/blockquote><\/figure>\n\n\n\n<p class=\"has-drop-cap\">La Secretar\u00eda de la Contralor\u00eda del Gobierno del Estado de M\u00e9xico informa que, un total de 396 mil 813 personas servidoras p\u00fablicas cumplieron, en tiempo y forma, con la presentaci\u00f3n de su Declaraci\u00f3n por Modificaci\u00f3n Patrimonial, de Intereses y, en su caso, la constancia de la Declaraci\u00f3n Fiscal, correspondiente al ejercicio 2024.<br><\/p>\n\n\n\n<p>El porcentaje de cumplimiento del 96.98%, m\u00e1s que una cifra, representa un aut\u00e9ntico ejercicio de transparencia y rendici\u00f3n de cuentas, por parte de las y los servidores p\u00fablicos que, d\u00eda con d\u00eda, demuestran su convicci\u00f3n con los principios de legalidad, que se traducen en no robar y no mentir.<br><\/p>\n\n\n\n<p>Desde enero pasado, la dependencia a cargo de la Lic. Hilda Salazar Gil puso en marcha un programa integral de capacitaci\u00f3n y acompa\u00f1amiento t\u00e9cnico &#8211; presencial y en l\u00ednea, para facilitar el cumplimiento de esta obligaci\u00f3n, a trav\u00e9s del sistema Decl@raNET.<br><\/p>\n\n\n\n<p>Adem\u00e1s, gracias al plan operativo de mantenimiento y mejora aplicado por la Coordinaci\u00f3n de Estrategia Digital, el sistema oper\u00f3 sin interrupciones, lo que permiti\u00f3 una atenci\u00f3n m\u00e1s \u00e1gil y eficiente para las y los usuarios.<br><\/p>\n\n\n\n<p>La administraci\u00f3n encabezada por la Maestra Delfina G\u00f3mez \u00c1lvarez ratifica as\u00ed, su empe\u00f1o para hacer de la transparencia, la rendici\u00f3n de cuentas y la honestidad, los fundamentos para recuperar la confianza ciudadana en las instituciones.<\/p>\n","protected":false},"excerpt":{"rendered":"<p>Desde enero pasado se puso en marcha un programa integral de capacitaci\u00f3n para facilitar el cumplimiento de esta obligaci\u00f3n. La Secretar\u00eda de la Contralor\u00eda del Gobierno del Estado de M\u00e9xico informa que, un total de 396 mil 813 personas servidoras p\u00fablicas cumplieron, en tiempo y forma, con la presentaci\u00f3n de su Declaraci\u00f3n por Modificaci\u00f3n Patrimonial, [&hellip;]<\/p>\n","protected":false},"author":1,"featured_media":86656,"comment_status":"closed","ping_status":"closed","sticky":false,"template":"","format":"standard","meta":{"footnotes":""},"categories":[36],"tags":[],"class_list":["post-86655","post","type-post","status-publish","format-standard","has-post-thumbnail","hentry","category-edomex"],"_links":{"self":[{"href":"https:\/\/elinformante.mx\/index.php?rest_route=\/wp\/v2\/posts\/86655","targetHints":{"allow":["GET"]}}],"collection":[{"href":"https:\/\/elinformante.mx\/index.php?rest_route=\/wp\/v2\/posts"}],"about":[{"href":"https:\/\/elinformante.mx\/index.php?rest_route=\/wp\/v2\/types\/post"}],"author":[{"embeddable":true,"href":"https:\/\/elinformante.mx\/index.php?rest_route=\/wp\/v2\/users\/1"}],"replies":[{"embeddable":true,"href":"https:\/\/elinformante.mx\/index.php?rest_route=%2Fwp%2Fv2%2Fcomments&post=86655"}],"version-history":[{"count":0,"href":"https:\/\/elinformante.mx\/index.php?rest_route=\/wp\/v2\/posts\/86655\/revisions"}],"wp:featuredmedia":[{"embeddable":true,"href":"https:\/\/elinformante.mx\/index.php?rest_route=\/wp\/v2\/media\/86656"}],"wp:attachment":[{"href":"https:\/\/elinformante.mx\/index.php?rest_route=%2Fwp%2Fv2%2Fmedia&parent=86655"}],"wp:term":[{"taxonomy":"category","embeddable":true,"href":"https:\/\/elinformante.mx\/index.php?rest_route=%2Fwp%2Fv2%2Fcategories&post=86655"},{"taxonomy":"post_tag","embeddable":true,"href":"https:\/\/elinformante.mx\/index.php?rest_route=%2Fwp%2Fv2%2Ftags&post=86655"}],"curies":[{"name":"wp","href":"https:\/\/api.w.org\/{rel}","templated":true}]}}