{"id":86664,"date":"2025-06-25T06:29:33","date_gmt":"2025-06-25T12:29:33","guid":{"rendered":"https:\/\/elinformante.mx\/?p=86664"},"modified":"2025-06-25T06:29:35","modified_gmt":"2025-06-25T12:29:35","slug":"ramirez-ponce-da-banderazo-de-inicio-a-construccion-de-secundaria-en-san-jose-el-llanito","status":"publish","type":"post","link":"https:\/\/elinformante.mx\/?p=86664","title":{"rendered":"Ram\u00edrez Ponce da banderazo de inicio a construcci\u00f3n de Secundaria en San Jos\u00e9 El Llanito"},"content":{"rendered":"\n<figure class=\"wp-block-pullquote\"><blockquote><p>Se\u00f1al\u00f3 ante habitantes que este es el inicio de la construcci\u00f3n de sue\u00f1os y la transformaci\u00f3n de vidas de cientos de estudiantes y sus familias<\/p><\/blockquote><\/figure>\n\n\n\n<p class=\"has-drop-cap\">En el municipio de Lerma, el presidente municipal Miguel \u00c1ngel Ram\u00edrez Ponce encabez\u00f3 la ceremonia de colocaci\u00f3n de la primera piedra de la nueva Escuela Secundaria en San Jos\u00e9 El Llanito.<br><\/p>\n\n\n\n<p>Ram\u00edrez Ponce se\u00f1al\u00f3 que este proyecto promete transformar la educaci\u00f3n en la localidad y beneficiar a m\u00e1s de 1430 habitantes de la comunidad.<br><\/p>\n\n\n\n<figure class=\"wp-block-image size-large\"><img fetchpriority=\"high\" decoding=\"async\" width=\"1024\" height=\"506\" src=\"https:\/\/elinformante.mx\/wp-content\/uploads\/2025\/06\/8lerma-5-1024x506.jpg\" alt=\"\" class=\"wp-image-86668\" srcset=\"https:\/\/elinformante.mx\/wp-content\/uploads\/2025\/06\/8lerma-5-1024x506.jpg 1024w, https:\/\/elinformante.mx\/wp-content\/uploads\/2025\/06\/8lerma-5-300x148.jpg 300w, https:\/\/elinformante.mx\/wp-content\/uploads\/2025\/06\/8lerma-5-768x379.jpg 768w, https:\/\/elinformante.mx\/wp-content\/uploads\/2025\/06\/8lerma-5.jpg 1140w\" sizes=\"(max-width: 1024px) 100vw, 1024px\" \/><\/figure>\n\n\n\n<p>Destac\u00f3 la importancia de esta obra para el desarrollo educativo de la regi\u00f3n y se\u00f1al\u00f3 que su gobierno busca con la construcci\u00f3n de la secundaria invertir en el futuro profesional de nuestros j\u00f3venes.<br><\/p>\n\n\n\n<p>\u201cLa educaci\u00f3n es una prioridad en nuestra administraci\u00f3n,\u201d afirm\u00f3 Ram\u00edrez Ponce.<br><\/p>\n\n\n\n<figure class=\"wp-block-image size-large\"><img decoding=\"async\" width=\"1024\" height=\"506\" src=\"https:\/\/elinformante.mx\/wp-content\/uploads\/2025\/06\/8lerma-1024x506.jpg\" alt=\"\" class=\"wp-image-86669\" srcset=\"https:\/\/elinformante.mx\/wp-content\/uploads\/2025\/06\/8lerma-1024x506.jpg 1024w, https:\/\/elinformante.mx\/wp-content\/uploads\/2025\/06\/8lerma-300x148.jpg 300w, https:\/\/elinformante.mx\/wp-content\/uploads\/2025\/06\/8lerma-768x379.jpg 768w, https:\/\/elinformante.mx\/wp-content\/uploads\/2025\/06\/8lerma.jpg 1140w\" sizes=\"(max-width: 1024px) 100vw, 1024px\" \/><\/figure>\n\n\n\n<p>Durante el evento, inform\u00f3 que la escuela se construir\u00e1 en un terreno de 2,533.00 m\u00b2 y, en su primera etapa se llevar\u00e1 a cabo la edificaci\u00f3n de 120 metros lineales de barda perimetral y la construcci\u00f3n de dos aulas de aproximadamente 70 metros cuadrados cada una.<br><\/p>\n\n\n\n<p>Estas obras est\u00e1n programadas para ser entregadas funcionalmente en los pr\u00f3ximos meses, contribuyendo as\u00ed a la mejora de la infraestructura educativa en Lerma.<br><\/p>\n\n\n\n<figure class=\"wp-block-image size-large\"><img decoding=\"async\" width=\"1024\" height=\"506\" src=\"https:\/\/elinformante.mx\/wp-content\/uploads\/2025\/06\/8lerma-2-1024x506.jpg\" alt=\"\" class=\"wp-image-86670\" srcset=\"https:\/\/elinformante.mx\/wp-content\/uploads\/2025\/06\/8lerma-2-1024x506.jpg 1024w, https:\/\/elinformante.mx\/wp-content\/uploads\/2025\/06\/8lerma-2-300x148.jpg 300w, https:\/\/elinformante.mx\/wp-content\/uploads\/2025\/06\/8lerma-2-768x379.jpg 768w, https:\/\/elinformante.mx\/wp-content\/uploads\/2025\/06\/8lerma-2.jpg 1140w\" sizes=\"(max-width: 1024px) 100vw, 1024px\" \/><\/figure>\n\n\n\n<p>Acompa\u00f1aron a Ram\u00edrez Ponce la presidente del DIF Lerma, Marisol Mote Mart\u00ednez y en representaci\u00f3n del gobierno del Estado de M\u00e9xico, asisti\u00f3 Eduardo Jim\u00e9nez Gonz\u00e1lez, quien reconoci\u00f3 el compromiso del alcalde Ram\u00edrez Ponce con la educaci\u00f3n y la comunidad estudiantil del municipio.<br><\/p>\n\n\n\n<p>Los vecinos de San Jos\u00e9 El Llanito expresaron su agradecimiento por la visi\u00f3n y compromiso con la educaci\u00f3n que ha demostrado el alcalde, destacando que esta nueva escuela abrir\u00e1 las puertas a nuevas oportunidades para los estudiantes de la localidad.<br><\/p>\n\n\n\n<figure class=\"wp-block-image size-large\"><img loading=\"lazy\" decoding=\"async\" width=\"1024\" height=\"506\" src=\"https:\/\/elinformante.mx\/wp-content\/uploads\/2025\/06\/8lerma-3-1024x506.jpg\" alt=\"\" class=\"wp-image-86671\" srcset=\"https:\/\/elinformante.mx\/wp-content\/uploads\/2025\/06\/8lerma-3-1024x506.jpg 1024w, https:\/\/elinformante.mx\/wp-content\/uploads\/2025\/06\/8lerma-3-300x148.jpg 300w, https:\/\/elinformante.mx\/wp-content\/uploads\/2025\/06\/8lerma-3-768x379.jpg 768w, https:\/\/elinformante.mx\/wp-content\/uploads\/2025\/06\/8lerma-3.jpg 1140w\" sizes=\"(max-width: 1024px) 100vw, 1024px\" \/><\/figure>\n\n\n\n<p>El gobierno estatal, por su parte, reconoci\u00f3 el trabajo que se realiza en Lerma en pro del desarrollo educativo y el bienestar de la comunidad estudiantil, reafirmando el compromiso de seguir colaborando en proyectos que beneficien a la ciudadan\u00eda.<br><\/p>\n\n\n\n<p>Este importante proyecto marca un paso significativo hacia la mejora de la educaci\u00f3n en Lerma, proporcionando un espacio adecuado para la formaci\u00f3n de las futuras generaciones de estudiantes.<\/p>\n","protected":false},"excerpt":{"rendered":"<p>Se\u00f1al\u00f3 ante habitantes que este es el inicio de la construcci\u00f3n de sue\u00f1os y la transformaci\u00f3n de vidas de cientos de estudiantes y sus familias En el municipio de Lerma, el presidente municipal Miguel \u00c1ngel Ram\u00edrez Ponce encabez\u00f3 la ceremonia de colocaci\u00f3n de la primera piedra de la nueva Escuela Secundaria en San Jos\u00e9 El [&hellip;]<\/p>\n","protected":false},"author":1,"featured_media":86667,"comment_status":"closed","ping_status":"closed","sticky":false,"template":"","format":"standard","meta":{"footnotes":""},"categories":[30,36,31],"tags":[46],"class_list":["post-86664","post","type-post","status-publish","format-standard","has-post-thumbnail","hentry","category-destacado","category-edomex","category-portada","tag-portadaedomex"],"_links":{"self":[{"href":"https:\/\/elinformante.mx\/index.php?rest_route=\/wp\/v2\/posts\/86664","targetHints":{"allow":["GET"]}}],"collection":[{"href":"https:\/\/elinformante.mx\/index.php?rest_route=\/wp\/v2\/posts"}],"about":[{"href":"https:\/\/elinformante.mx\/index.php?rest_route=\/wp\/v2\/types\/post"}],"author":[{"embeddable":true,"href":"https:\/\/elinformante.mx\/index.php?rest_route=\/wp\/v2\/users\/1"}],"replies":[{"embeddable":true,"href":"https:\/\/elinformante.mx\/index.php?rest_route=%2Fwp%2Fv2%2Fcomments&post=86664"}],"version-history":[{"count":0,"href":"https:\/\/elinformante.mx\/index.php?rest_route=\/wp\/v2\/posts\/86664\/revisions"}],"wp:featuredmedia":[{"embeddable":true,"href":"https:\/\/elinformante.mx\/index.php?rest_route=\/wp\/v2\/media\/86667"}],"wp:attachment":[{"href":"https:\/\/elinformante.mx\/index.php?rest_route=%2Fwp%2Fv2%2Fmedia&parent=86664"}],"wp:term":[{"taxonomy":"category","embeddable":true,"href":"https:\/\/elinformante.mx\/index.php?rest_route=%2Fwp%2Fv2%2Fcategories&post=86664"},{"taxonomy":"post_tag","embeddable":true,"href":"https:\/\/elinformante.mx\/index.php?rest_route=%2Fwp%2Fv2%2Ftags&post=86664"}],"curies":[{"name":"wp","href":"https:\/\/api.w.org\/{rel}","templated":true}]}}