{"id":86680,"date":"2025-06-25T06:42:11","date_gmt":"2025-06-25T12:42:11","guid":{"rendered":"https:\/\/elinformante.mx\/?p=86680"},"modified":"2025-06-25T06:42:13","modified_gmt":"2025-06-25T12:42:13","slug":"impulsan-en-cdmx-la-autonomia-economica-de-mujeres-en-situacion-de-violencia","status":"publish","type":"post","link":"https:\/\/elinformante.mx\/?p=86680","title":{"rendered":"Impulsan en CDMX la Autonom\u00eda Econ\u00f3mica de mujeres en situaci\u00f3n de violencia"},"content":{"rendered":"\n<figure class=\"wp-block-pullquote\"><blockquote><p>La secretaria de las Mujeres afirm\u00f3 que las estructuras sociales son las que sustentan las desigualdades, la discriminaci\u00f3n y la violencia contra las mujeres<\/p><\/blockquote><\/figure>\n\n\n\n<p class=\"has-drop-cap\">El Gobierno de la Ciudad de M\u00e9xico, a trav\u00e9s de la Secretar\u00eda de las Mujeres, realiz\u00f3 la entrega de los primeros 466 apoyos econ\u00f3micos a mujeres capitalinas como parte del programa Bienestar para las Mujeres en Situaci\u00f3n de Violencia.<br><\/p>\n\n\n\n<p>Daptnhe Cuevas Ortiz, titular de la Secretar\u00eda de las Mujeres, afirm\u00f3 que este programa representa y se consolida como un nuevo camino hacia la autonom\u00eda, la justicia y la vida digna para las mujeres que han padecido alg\u00fan tipo de violencia.<br><\/p>\n\n\n\n<p>La secretaria de las Mujeres afirm\u00f3 que las estructuras sociales, m\u00e1s all\u00e1 de las carencias econ\u00f3micas, son las que sustentan las desigualdades, la discriminaci\u00f3n y la violencia contra las mujeres: \u201cNo es normal y no se puede tolerar. Y eso hay que transformarlo en el discurso, en la pr\u00e1ctica y en las pol\u00edticas tanto como en las leyes y en el acceso a la justicia\u201d.<br><\/p>\n\n\n\n<p>Cuevas Ortiz se\u00f1al\u00f3 que es fundamental la coordinaci\u00f3n entre los tres niveles de gobierno y los poderes del Estado para garantizar una vida libre de violencia a todas las mujeres, que nunca m\u00e1s ninguna mujer se quede viviendo, soportando o tolerando violencia porque no tiene otras oportunidades.<br><\/p>\n\n\n\n<p>La fiscal General de Justicia de la Ciudad de M\u00e9xico, Bertha Alcalde Luj\u00e1n, calific\u00f3 este programa como un paso importante para brindar atenci\u00f3n psicol\u00f3gica, psiqui\u00e1trica y m\u00e9dica a mujeres, donde se trabaja de manera coordinada con las secretar\u00edas de las Mujeres y de Salud.<br><\/p>\n\n\n\n<p>Refiri\u00f3 que hay grandes retos para atender delitos como la violencia familiar, el feminicidio y los delitos involucrados con la violencia hacia las mujeres y que desde la fiscal\u00eda somos muy conscientes de los retos, desde la fiscal\u00eda estamos priorizando el trabajo que tenemos que hacer con todas ustedes.<br><\/p>\n\n\n\n<p>La subsecretaria del Derecho a una Vida Libre de Violencias del Gobierno de M\u00e9xico, Ingrid G\u00f3mez Sarac\u00edbar, se\u00f1al\u00f3 que es fundamental el arranque de la primera entrega de 2025 y acompa\u00f1ar a la Secretar\u00eda de las Mujeres que lleva a cabo un buen trabajo en t\u00e9rminos de la atenci\u00f3n y de la prevenci\u00f3n de las violencias.<\/p>\n","protected":false},"excerpt":{"rendered":"<p>La secretaria de las Mujeres afirm\u00f3 que las estructuras sociales son las que sustentan las desigualdades, la discriminaci\u00f3n y la violencia contra las mujeres El Gobierno de la Ciudad de M\u00e9xico, a trav\u00e9s de la Secretar\u00eda de las Mujeres, realiz\u00f3 la entrega de los primeros 466 apoyos econ\u00f3micos a mujeres capitalinas como parte del programa [&hellip;]<\/p>\n","protected":false},"author":1,"featured_media":86681,"comment_status":"closed","ping_status":"closed","sticky":false,"template":"","format":"standard","meta":{"footnotes":""},"categories":[35],"tags":[],"class_list":["post-86680","post","type-post","status-publish","format-standard","has-post-thumbnail","hentry","category-cdmx"],"_links":{"self":[{"href":"https:\/\/elinformante.mx\/index.php?rest_route=\/wp\/v2\/posts\/86680","targetHints":{"allow":["GET"]}}],"collection":[{"href":"https:\/\/elinformante.mx\/index.php?rest_route=\/wp\/v2\/posts"}],"about":[{"href":"https:\/\/elinformante.mx\/index.php?rest_route=\/wp\/v2\/types\/post"}],"author":[{"embeddable":true,"href":"https:\/\/elinformante.mx\/index.php?rest_route=\/wp\/v2\/users\/1"}],"replies":[{"embeddable":true,"href":"https:\/\/elinformante.mx\/index.php?rest_route=%2Fwp%2Fv2%2Fcomments&post=86680"}],"version-history":[{"count":0,"href":"https:\/\/elinformante.mx\/index.php?rest_route=\/wp\/v2\/posts\/86680\/revisions"}],"wp:featuredmedia":[{"embeddable":true,"href":"https:\/\/elinformante.mx\/index.php?rest_route=\/wp\/v2\/media\/86681"}],"wp:attachment":[{"href":"https:\/\/elinformante.mx\/index.php?rest_route=%2Fwp%2Fv2%2Fmedia&parent=86680"}],"wp:term":[{"taxonomy":"category","embeddable":true,"href":"https:\/\/elinformante.mx\/index.php?rest_route=%2Fwp%2Fv2%2Fcategories&post=86680"},{"taxonomy":"post_tag","embeddable":true,"href":"https:\/\/elinformante.mx\/index.php?rest_route=%2Fwp%2Fv2%2Ftags&post=86680"}],"curies":[{"name":"wp","href":"https:\/\/api.w.org\/{rel}","templated":true}]}}