{"id":86692,"date":"2025-06-25T07:02:30","date_gmt":"2025-06-25T13:02:30","guid":{"rendered":"https:\/\/elinformante.mx\/?p=86692"},"modified":"2025-06-25T07:02:32","modified_gmt":"2025-06-25T13:02:32","slug":"evelyn-salgado-solicita-declaratoria-de-desastre-para-ocho-municipios-de-la-costa-chica","status":"publish","type":"post","link":"https:\/\/elinformante.mx\/?p=86692","title":{"rendered":"Evelyn Salgado solicita declaratoria de desastre para ocho municipios de la Costa Chica"},"content":{"rendered":"\n<figure class=\"wp-block-pullquote\"><blockquote><p>-Se\u00f1al\u00f3 que Erick dej\u00f3 1,428 viviendas da\u00f1adas, 107 derrumbes, 3 puentes colapsados y 176 mil usuarios sin luz.<\/p><\/blockquote><\/figure>\n\n\n\n<p class=\"has-drop-cap\">La gobernadora Evelyn Salgado Pineda dio a conocer que firm\u00f3 y envi\u00f3 la solicitud de declaratoria de desastre para ocho municipios de la regi\u00f3n Costa Chica con mayor afectaci\u00f3n por el hurac\u00e1n Erick: Cuajinicuilapa, Ometepec, San Nicol\u00e1s, Igualapa, Azoy\u00fa, Ayutla, Juchitl\u00e1n y San Luis Acatl\u00e1n, adem\u00e1s de destacar que la Comisi\u00f3n Federal de Electricidad (CFE) ya restableci\u00f3 al 100 % el servicio el\u00e9ctrico en toda la regi\u00f3n afectada.<br><\/p>\n\n\n\n<p>Acompa\u00f1ada por el secretario de Gesti\u00f3n Integral de Riesgos y Protecci\u00f3n Civil, Roberto Arroyo Matus, la mandataria reiter\u00f3 que la atenci\u00f3n a la poblaci\u00f3n comenz\u00f3 desde el primer momento y continuar\u00e1 extendi\u00e9ndose a los 33 municipios con alg\u00fan tipo de afectaci\u00f3n, priorizando a los m\u00e1s impactados en la Costa Chica.<br><\/p>\n\n\n\n<p>Salgado Pineda subray\u00f3 que establecer\u00e1 un decreto para la implementaci\u00f3n de medidas preventivas y la activaci\u00f3n oportuna de protocolos ante alg\u00fan cicl\u00f3n o tormenta tropical, sentando las bases de un modelo de gesti\u00f3n de riesgos que se pretende dejar como legado en Guerrero.<br><\/p>\n\n\n\n<p>Mientras se concluye el proceso legal para la declaratoria de desastre, la gobernadora indic\u00f3 que los apoyos humanitarios fluyen en los ocho municipios al tiempo que tambi\u00e9n se brinda atenci\u00f3n estatal y federal en otros diez municipios no incluidos en la solicitud.<br><\/p>\n\n\n\n<p>Roberto Arroyo Matus report\u00f3 que durante la emergencia se activaron 27 refugios temporales en Costa Chica y Acapulco, que resguardaron a m\u00e1s de 1,500 personas. Actualmente, permanecen activos cuatro refugios con 171 personas albergadas.<br><\/p>\n\n\n\n<p>Detall\u00f3 que la solicitud de declaratoria de desastre busca acceder a recursos para atender la recuperaci\u00f3n en zonas que presentaron da\u00f1os, entre estos: 4,700 \u00e1rboles colapsados, 1,428 viviendas con da\u00f1os en techumbre, 107 derrumbes en caminos y carreteras, 3 puentes colapsados y 15 planteles educativos con afectaciones.<br><\/p>\n\n\n\n<p>Adem\u00e1s, la CFE restableci\u00f3 cinco l\u00edneas principales, 35 circuitos de media tensi\u00f3n, y reconect\u00f3 el servicio a 176 mil usuarios en la Costa Chica.<\/p>\n","protected":false},"excerpt":{"rendered":"<p>-Se\u00f1al\u00f3 que Erick dej\u00f3 1,428 viviendas da\u00f1adas, 107 derrumbes, 3 puentes colapsados y 176 mil usuarios sin luz. La gobernadora Evelyn Salgado Pineda dio a conocer que firm\u00f3 y envi\u00f3 la solicitud de declaratoria de desastre para ocho municipios de la regi\u00f3n Costa Chica con mayor afectaci\u00f3n por el hurac\u00e1n Erick: Cuajinicuilapa, Ometepec, San Nicol\u00e1s, [&hellip;]<\/p>\n","protected":false},"author":1,"featured_media":86693,"comment_status":"closed","ping_status":"closed","sticky":false,"template":"","format":"standard","meta":{"footnotes":""},"categories":[34],"tags":[],"class_list":["post-86692","post","type-post","status-publish","format-standard","has-post-thumbnail","hentry","category-nacional"],"_links":{"self":[{"href":"https:\/\/elinformante.mx\/index.php?rest_route=\/wp\/v2\/posts\/86692","targetHints":{"allow":["GET"]}}],"collection":[{"href":"https:\/\/elinformante.mx\/index.php?rest_route=\/wp\/v2\/posts"}],"about":[{"href":"https:\/\/elinformante.mx\/index.php?rest_route=\/wp\/v2\/types\/post"}],"author":[{"embeddable":true,"href":"https:\/\/elinformante.mx\/index.php?rest_route=\/wp\/v2\/users\/1"}],"replies":[{"embeddable":true,"href":"https:\/\/elinformante.mx\/index.php?rest_route=%2Fwp%2Fv2%2Fcomments&post=86692"}],"version-history":[{"count":0,"href":"https:\/\/elinformante.mx\/index.php?rest_route=\/wp\/v2\/posts\/86692\/revisions"}],"wp:featuredmedia":[{"embeddable":true,"href":"https:\/\/elinformante.mx\/index.php?rest_route=\/wp\/v2\/media\/86693"}],"wp:attachment":[{"href":"https:\/\/elinformante.mx\/index.php?rest_route=%2Fwp%2Fv2%2Fmedia&parent=86692"}],"wp:term":[{"taxonomy":"category","embeddable":true,"href":"https:\/\/elinformante.mx\/index.php?rest_route=%2Fwp%2Fv2%2Fcategories&post=86692"},{"taxonomy":"post_tag","embeddable":true,"href":"https:\/\/elinformante.mx\/index.php?rest_route=%2Fwp%2Fv2%2Ftags&post=86692"}],"curies":[{"name":"wp","href":"https:\/\/api.w.org\/{rel}","templated":true}]}}