{"id":86695,"date":"2025-06-25T07:04:15","date_gmt":"2025-06-25T13:04:15","guid":{"rendered":"https:\/\/elinformante.mx\/?p=86695"},"modified":"2025-06-25T07:04:17","modified_gmt":"2025-06-25T13:04:17","slug":"mara-lezama-inaugura-secundaria-tecnica-kusamil-de-cancun","status":"publish","type":"post","link":"https:\/\/elinformante.mx\/?p=86695","title":{"rendered":"Mara Lezama inaugura secundaria t\u00e9cnica \u201cKusamil\u201d de Canc\u00fan"},"content":{"rendered":"\n<figure class=\"wp-block-pullquote\"><blockquote><p>-Se invirtieron 54.2 millones de pesos, y este a\u00f1o se destinar\u00e1n 11 m\u00e1s para 5 nuevas aulas que ampliar\u00e1n la capacidad educativa<\/p><\/blockquote><\/figure>\n\n\n\n<p class=\"has-drop-cap\">\u201cConstruir una escuela no es cualquier cosa, es abrir la puerta a nuevas oportunidades, es darles un espacio donde puedan aprender, convivir, crecer; donde puedan so\u00f1ar en grande y llegar tan alto como se lo propongan\u201d expres\u00f3 la gobernadora Mara Lezama Espinosa ante alumnos de la secundaria t\u00e9cnica n\u00famero 43 \u201cKusamil\u201d, en Canc\u00fan, quienes est\u00e1n estrenando edificio.<br><\/p>\n\n\n\n<p>Acompa\u00f1ada de las y los alumnos, padres de familia, maestras y maestros, as\u00ed como de personal administrativo, la gobernadora de Quintana Roo devel\u00f3 la placa conmemorativa de este nuevo edificio, cuya primera piedra se puso el 6 de agosto pasado. \u201cHoy estoy feliz de regresar y ver que ese sue\u00f1o que empezamos juntas y juntos ya es una realidad: la nueva secundaria t\u00e9cnica 43 \u201cKusamil\u201d ya est\u00e1 lista\u201d, afirm\u00f3.<br><\/p>\n\n\n\n<p>La construcci\u00f3n y equipamiento de esta secundaria es el resultado de los trabajos realizados por el Instituto de Infraestructura F\u00edsica Educativa de Quintana Roo (IFEQROO), que encabeza Aldo Andr\u00e9s Castro Jim\u00e9nez, con una inversi\u00f3n de 54.2 millones de pesos y fue dise\u00f1ado bajo el Nuevo Modelo Educativo de la 4T, que prioriza espacios dignos, seguros e inclusivos para las y los estudiantes.<br><\/p>\n\n\n\n<p>La escuela tiene 106 paneles solares, aulas, domo con cancha de usos m\u00faltiples, talleres y laboratorios, servicios de luz y agua, y plaza c\u00edvica.<br><\/p>\n\n\n\n<figure class=\"wp-block-image size-large\"><img fetchpriority=\"high\" decoding=\"async\" width=\"1024\" height=\"506\" src=\"https:\/\/elinformante.mx\/wp-content\/uploads\/2025\/06\/4mara-2-4-1024x506.jpg\" alt=\"\" class=\"wp-image-86697\" srcset=\"https:\/\/elinformante.mx\/wp-content\/uploads\/2025\/06\/4mara-2-4-1024x506.jpg 1024w, https:\/\/elinformante.mx\/wp-content\/uploads\/2025\/06\/4mara-2-4-300x148.jpg 300w, https:\/\/elinformante.mx\/wp-content\/uploads\/2025\/06\/4mara-2-4-768x379.jpg 768w, https:\/\/elinformante.mx\/wp-content\/uploads\/2025\/06\/4mara-2-4.jpg 1140w\" sizes=\"(max-width: 1024px) 100vw, 1024px\" \/><\/figure>\n\n\n\n<p>Mara Lezama firm\u00f3 el Nuevo Acuerdo por el Bienestar y Desarrollo de Quintana Roo, reafirmando el compromiso con una educaci\u00f3n que impulse el bienestar, la prosperidad compartida y reduzca las brechas de desigualdad.<br><\/p>\n\n\n\n<p>La obra adem\u00e1s recibi\u00f3 el distintivo \u201cInversi\u00f3n Educativa Verificada \u2013 Infraestructura Transparente\u201d, otorgado por el Instituto de Acceso a la Informaci\u00f3n y Protecci\u00f3n de Datos Personales de Quintana Roo (IDAIPQROO), en reconocimiento a la rendici\u00f3n de cuentas y el uso eficiente de los recursos p\u00fablicos.<br><\/p>\n\n\n\n<p>La secundaria t\u00e9cnica n\u00famero 43 \u201cKusamil\u201d beneficiar\u00e1 actualmente a 160 estudiantes, 80 por turno, garantizando el derecho a una educaci\u00f3n p\u00fablica y de calidad en la zona.<br><\/p>\n\n\n\n<p>Cumple con la disposici\u00f3n de ley que todo nuevo edificio escolar cuente con su domo, punto de encuentro para el deporte, la cultura y la convivencia social, beneficiando no solo a las y los alumnos, sino tambi\u00e9n a las familias y vecinos de la comunidad, fortaleciendo as\u00ed el tejido social y promoviendo el desarrollo integral de Quintana Roo.<br><\/p>\n\n\n\n<p>La gobernadora de Quintana Roo anunci\u00f3 que este a\u00f1o \u201cvamos a meterle otros 11 millones de pesos para construir 5 nuevas aulas y poder alcanzar hasta 400 alumnas y alumnos en ambos turnos.<\/p>\n","protected":false},"excerpt":{"rendered":"<p>-Se invirtieron 54.2 millones de pesos, y este a\u00f1o se destinar\u00e1n 11 m\u00e1s para 5 nuevas aulas que ampliar\u00e1n la capacidad educativa \u201cConstruir una escuela no es cualquier cosa, es abrir la puerta a nuevas oportunidades, es darles un espacio donde puedan aprender, convivir, crecer; donde puedan so\u00f1ar en grande y llegar tan alto como [&hellip;]<\/p>\n","protected":false},"author":1,"featured_media":86696,"comment_status":"closed","ping_status":"closed","sticky":false,"template":"","format":"standard","meta":{"footnotes":""},"categories":[30,34],"tags":[],"class_list":["post-86695","post","type-post","status-publish","format-standard","has-post-thumbnail","hentry","category-destacado","category-nacional"],"_links":{"self":[{"href":"https:\/\/elinformante.mx\/index.php?rest_route=\/wp\/v2\/posts\/86695","targetHints":{"allow":["GET"]}}],"collection":[{"href":"https:\/\/elinformante.mx\/index.php?rest_route=\/wp\/v2\/posts"}],"about":[{"href":"https:\/\/elinformante.mx\/index.php?rest_route=\/wp\/v2\/types\/post"}],"author":[{"embeddable":true,"href":"https:\/\/elinformante.mx\/index.php?rest_route=\/wp\/v2\/users\/1"}],"replies":[{"embeddable":true,"href":"https:\/\/elinformante.mx\/index.php?rest_route=%2Fwp%2Fv2%2Fcomments&post=86695"}],"version-history":[{"count":0,"href":"https:\/\/elinformante.mx\/index.php?rest_route=\/wp\/v2\/posts\/86695\/revisions"}],"wp:featuredmedia":[{"embeddable":true,"href":"https:\/\/elinformante.mx\/index.php?rest_route=\/wp\/v2\/media\/86696"}],"wp:attachment":[{"href":"https:\/\/elinformante.mx\/index.php?rest_route=%2Fwp%2Fv2%2Fmedia&parent=86695"}],"wp:term":[{"taxonomy":"category","embeddable":true,"href":"https:\/\/elinformante.mx\/index.php?rest_route=%2Fwp%2Fv2%2Fcategories&post=86695"},{"taxonomy":"post_tag","embeddable":true,"href":"https:\/\/elinformante.mx\/index.php?rest_route=%2Fwp%2Fv2%2Ftags&post=86695"}],"curies":[{"name":"wp","href":"https:\/\/api.w.org\/{rel}","templated":true}]}}