{"id":86699,"date":"2025-06-25T07:06:04","date_gmt":"2025-06-25T13:06:04","guid":{"rendered":"https:\/\/elinformante.mx\/?p=86699"},"modified":"2025-06-25T07:06:05","modified_gmt":"2025-06-25T13:06:05","slug":"la-reforma-electoral-abolira-las-minorias","status":"publish","type":"post","link":"https:\/\/elinformante.mx\/?p=86699","title":{"rendered":"LA REFORMA ELECTORAL ABOLIR\u00c1 LAS MINOR\u00cdAS"},"content":{"rendered":"\n<figure class=\"wp-block-pullquote\"><blockquote><p><strong>Por: Jos\u00e9 Fonseca<\/strong><\/p><\/blockquote><\/figure>\n\n\n\n<p class=\"has-drop-cap\">Con el tiempo sabremos los motivos de la Presidenta Claudia Sheinbaum para acordar con Ricardo Monreal y Ad\u00e1n Augusto L\u00f3pez desempolvar la iniciativa de reforma electoral que present\u00f3 el expresidente Andr\u00e9s Manuel L\u00f3pez Obrador al Congreso el 28 de abril de 2022, hace casi tres a\u00f1os.<br><\/p>\n\n\n\n<p>Tal sustituir\u00eda al INE con un Instituto Nacional de Elecciones que controlar\u00e1 las elecciones, federales, estatales y locales y, lo m\u00e1s grave, es proclama de \u201cdejadnos solos\u201d, pues al eliminar a los plurinominales deja sin voz ni representaci\u00f3n a quienes no compartan el pensamiento \u00fanico de \u201cla revoluci\u00f3n de las conciencias\u201d<br><\/p>\n\n\n\n<p>Ayer pregunt\u00e9 en este generoso espacio de El Economista si no diluir\u00eda libertades el vendaval legislativo del per\u00edodo extraordinario de sesiones, hoy, al conocer del reenv\u00edo de la lopezobradorista reforma electoral lo que ayer era solo era leg\u00edtima inquietud se torna en preocupaci\u00f3n y desasosiego.<br><\/p>\n\n\n\n<p>Guardia Nacional, \u00bfno hay quinto malo?<br><\/p>\n\n\n\n<p>Dif\u00edcilmente en la historia de la Rep\u00fablica encontraremos una instituci\u00f3n como la Guardia Nacional que en los poco m\u00e1s de seis a\u00f1os transcurridos desde que la cre\u00f3 el expresidente L\u00f3pez Obrador haya sido sometida a tantos cambios y transformaciones.<br><\/p>\n\n\n\n<p>Es cierto, la ley aprobada ayer por los diputados, detalle la autorizaci\u00f3n para operaciones encubiertas, pero parad\u00f3jicamente, son pr\u00e1cticamente las mismas facultades que le otorgaba la ley del 26 de marzo de 2019.<br><\/p>\n\n\n\n<p>\u00bfEntonces? Pues nada, que al expresidente y su gabinete de seguridad se les hizo bolas el engrudo y durante todo el sexenio le cambiaron hasta el modo de andar a la Guardia Nacional por cuatro ocasiones. Ojal\u00e1 y que se cumpla lo de no hay quinto malo.<br><\/p>\n\n\n\n<p>La Constituci\u00f3n no excluye a los militares<br><\/p>\n\n\n\n<p>En 1981, en Los Pinos, invitada por el Presidente L\u00f3pez Portillo, Olga Moreno, reportera del viejo Heraldo de M\u00e9xico y amiga personal del mandatario, pidi\u00f3 su opini\u00f3n del general que durante una comida en Veracruz pregunt\u00f3 \u201cart\u00edculo constitucional prohib\u00eda que un militar aspirara a ser candidato a la Presidencia\u201d.<\/p>\n\n\n\n<p>\u00bfPor qu\u00e9 Godinez (Jefe del Estado Mayor Presidencial) no me ha dicho? \u2013pregunt\u00f3 L\u00f3pez Portillo-. \u201cEs militar, se\u00f1or, ord\u00e9neselo\u201d-. El general God\u00ednez le inform\u00f3 y un d\u00eda despu\u00e9s, el Secretario de la Defensa, F\u00e9lix Galv\u00e1n L\u00f3pez, cit\u00f3 a conferencia de prensa para declarar que \u201cning\u00fan militar ten\u00eda ambiciones pol\u00edticas.<br><\/p>\n\n\n\n<p>Por eso desde 1986, cuando el presidente Miguel de la Madrid decidi\u00f3 actualizar la ley org\u00e1nica del Ej\u00e9rcito en 1986, en el rubro de licencias especiales incluy\u00f3 que puede solicitarle el militar que quiera participar como candidato a un puesto de elecci\u00f3n popular. Con la pena, pero esa es la ley.<\/p>\n","protected":false},"excerpt":{"rendered":"<p>Por: Jos\u00e9 Fonseca Con el tiempo sabremos los motivos de la Presidenta Claudia Sheinbaum para acordar con Ricardo Monreal y Ad\u00e1n Augusto L\u00f3pez desempolvar la iniciativa de reforma electoral que present\u00f3 el expresidente Andr\u00e9s Manuel L\u00f3pez Obrador al Congreso el 28 de abril de 2022, hace casi tres a\u00f1os. Tal sustituir\u00eda al INE con un [&hellip;]<\/p>\n","protected":false},"author":1,"featured_media":86700,"comment_status":"closed","ping_status":"closed","sticky":false,"template":"","format":"standard","meta":{"footnotes":""},"categories":[32],"tags":[],"class_list":["post-86699","post","type-post","status-publish","format-standard","has-post-thumbnail","hentry","category-editorial"],"_links":{"self":[{"href":"https:\/\/elinformante.mx\/index.php?rest_route=\/wp\/v2\/posts\/86699","targetHints":{"allow":["GET"]}}],"collection":[{"href":"https:\/\/elinformante.mx\/index.php?rest_route=\/wp\/v2\/posts"}],"about":[{"href":"https:\/\/elinformante.mx\/index.php?rest_route=\/wp\/v2\/types\/post"}],"author":[{"embeddable":true,"href":"https:\/\/elinformante.mx\/index.php?rest_route=\/wp\/v2\/users\/1"}],"replies":[{"embeddable":true,"href":"https:\/\/elinformante.mx\/index.php?rest_route=%2Fwp%2Fv2%2Fcomments&post=86699"}],"version-history":[{"count":0,"href":"https:\/\/elinformante.mx\/index.php?rest_route=\/wp\/v2\/posts\/86699\/revisions"}],"wp:featuredmedia":[{"embeddable":true,"href":"https:\/\/elinformante.mx\/index.php?rest_route=\/wp\/v2\/media\/86700"}],"wp:attachment":[{"href":"https:\/\/elinformante.mx\/index.php?rest_route=%2Fwp%2Fv2%2Fmedia&parent=86699"}],"wp:term":[{"taxonomy":"category","embeddable":true,"href":"https:\/\/elinformante.mx\/index.php?rest_route=%2Fwp%2Fv2%2Fcategories&post=86699"},{"taxonomy":"post_tag","embeddable":true,"href":"https:\/\/elinformante.mx\/index.php?rest_route=%2Fwp%2Fv2%2Ftags&post=86699"}],"curies":[{"name":"wp","href":"https:\/\/api.w.org\/{rel}","templated":true}]}}