{"id":87164,"date":"2025-07-02T05:45:33","date_gmt":"2025-07-02T11:45:33","guid":{"rendered":"https:\/\/elinformante.mx\/?p=87164"},"modified":"2025-07-02T05:45:39","modified_gmt":"2025-07-02T11:45:39","slug":"katy-perry-a-punto-de-caer-de-una-esfera-en-concierto-en-australia-video-se-viraliza","status":"publish","type":"post","link":"https:\/\/elinformante.mx\/?p=87164","title":{"rendered":"Katy Perry a punto de caer de una esfera en concierto en Australia; video se viraliza"},"content":{"rendered":"\n<figure class=\"wp-block-pullquote\"><blockquote><p>Su gira comenz\u00f3 en la Ciudad de M\u00e9xico el pasado 23 de abril de 2025 y est\u00e1 previsto que concluya el 7 de diciembre en Abu Dhabi, Emiratos \u00c1rabes Unidos.<\/p><\/blockquote><\/figure>\n\n\n\n<p class=\"has-drop-cap\">La cantante Katy Perry estuvo a punto de caer desde una esfera met\u00e1lica, est\u00e1 present\u00f3 una falla durante su concierto de la gira \u201cLifetimes\u201d en el Adelaide Entertainment Centre de Australia.<br><\/p>\n\n\n\n<p>Perry es conocida por sus presentaciones con grandes escenograf\u00edas, pero en esta ocasi\u00f3n, el artefacto jug\u00f3 en su contra.<br><\/p>\n\n\n\n<p>Fue mediante un v\u00eddeo con una duraci\u00f3n de poco m\u00e1s de un minuto, donde se puede ver a Katy Perry con un vestuario amarillo, sostenida en la parte alta de una gran esfera met\u00e1lica; cuando las luces se apagan, el objeto se mueve de lado, provocando que la cantante reaccione espantada, echando el cuerpo hacia atr\u00e1s para evitar una posible ca\u00edda.<br><\/p>\n\n\n\n<p>Fue de forma inmediata que el personal del staff subi\u00f3 al escenario para asistirla y ayudarla a bajar. Se puede apreciar en otra grabaci\u00f3n, c\u00f3mo al menos cinco personas equilibran la esfera para que descendiera lentamente por una orilla.<br><\/p>\n\n\n\n<figure class=\"wp-block-image size-large\"><img fetchpriority=\"high\" decoding=\"async\" width=\"1024\" height=\"506\" src=\"https:\/\/elinformante.mx\/wp-content\/uploads\/2025\/07\/15katy-2-1024x506.jpg\" alt=\"\" class=\"wp-image-87166\" srcset=\"https:\/\/elinformante.mx\/wp-content\/uploads\/2025\/07\/15katy-2-1024x506.jpg 1024w, https:\/\/elinformante.mx\/wp-content\/uploads\/2025\/07\/15katy-2-300x148.jpg 300w, https:\/\/elinformante.mx\/wp-content\/uploads\/2025\/07\/15katy-2-768x379.jpg 768w, https:\/\/elinformante.mx\/wp-content\/uploads\/2025\/07\/15katy-2.jpg 1140w\" sizes=\"(max-width: 1024px) 100vw, 1024px\" \/><\/figure>\n\n\n\n<p>Los seguidores que compartieron los videos en redes sociales expresaron la preocupaci\u00f3n que sintieron durante el concierto al ver a su artista favorita en una situaci\u00f3n de riesgo.<br><\/p>\n\n\n\n<p>Ya se hab\u00eda viralizado en las redes sociales de Perry, la manera en c\u00f3mo se desarrolla el espect\u00e1culo de su gira en Australia, donde la esfera asciende varios metros por encima del escenario.<br><\/p>\n\n\n\n<p>The Lifetimes Tour es la quinta gira de conciertos de Katy Perry y acompa\u00f1a el lanzamiento de su s\u00e9ptimo \u00e1lbum, titulado \u201c143\u201d, estrenado el 20 de septiembre de 2024.<br><\/p>\n\n\n\n<p>Su gira comenz\u00f3 en la Ciudad de M\u00e9xico el pasado 23 de abril de 2025 y est\u00e1 previsto que concluya el 7 de diciembre en Abu Dhabi, Emiratos \u00c1rabes Unidos. El espect\u00e1culo incluye una gran cantidad de acrobacias a\u00e9reas con el uso de diversos cables y estructuras elevadas.<\/p>\n","protected":false},"excerpt":{"rendered":"<p>Su gira comenz\u00f3 en la Ciudad de M\u00e9xico el pasado 23 de abril de 2025 y est\u00e1 previsto que concluya el 7 de diciembre en Abu Dhabi, Emiratos \u00c1rabes Unidos. La cantante Katy Perry estuvo a punto de caer desde una esfera met\u00e1lica, est\u00e1 present\u00f3 una falla durante su concierto de la gira \u201cLifetimes\u201d en [&hellip;]<\/p>\n","protected":false},"author":1,"featured_media":87165,"comment_status":"closed","ping_status":"closed","sticky":false,"template":"","format":"standard","meta":{"footnotes":""},"categories":[30,39],"tags":[],"class_list":["post-87164","post","type-post","status-publish","format-standard","has-post-thumbnail","hentry","category-destacado","category-espectaculos"],"_links":{"self":[{"href":"https:\/\/elinformante.mx\/index.php?rest_route=\/wp\/v2\/posts\/87164","targetHints":{"allow":["GET"]}}],"collection":[{"href":"https:\/\/elinformante.mx\/index.php?rest_route=\/wp\/v2\/posts"}],"about":[{"href":"https:\/\/elinformante.mx\/index.php?rest_route=\/wp\/v2\/types\/post"}],"author":[{"embeddable":true,"href":"https:\/\/elinformante.mx\/index.php?rest_route=\/wp\/v2\/users\/1"}],"replies":[{"embeddable":true,"href":"https:\/\/elinformante.mx\/index.php?rest_route=%2Fwp%2Fv2%2Fcomments&post=87164"}],"version-history":[{"count":0,"href":"https:\/\/elinformante.mx\/index.php?rest_route=\/wp\/v2\/posts\/87164\/revisions"}],"wp:featuredmedia":[{"embeddable":true,"href":"https:\/\/elinformante.mx\/index.php?rest_route=\/wp\/v2\/media\/87165"}],"wp:attachment":[{"href":"https:\/\/elinformante.mx\/index.php?rest_route=%2Fwp%2Fv2%2Fmedia&parent=87164"}],"wp:term":[{"taxonomy":"category","embeddable":true,"href":"https:\/\/elinformante.mx\/index.php?rest_route=%2Fwp%2Fv2%2Fcategories&post=87164"},{"taxonomy":"post_tag","embeddable":true,"href":"https:\/\/elinformante.mx\/index.php?rest_route=%2Fwp%2Fv2%2Ftags&post=87164"}],"curies":[{"name":"wp","href":"https:\/\/api.w.org\/{rel}","templated":true}]}}