{"id":87177,"date":"2025-07-02T05:53:23","date_gmt":"2025-07-02T11:53:23","guid":{"rendered":"https:\/\/elinformante.mx\/?p=87177"},"modified":"2025-07-02T05:53:42","modified_gmt":"2025-07-02T11:53:42","slug":"detienen-a-el-mimoso-y-a-la-guera-objetivos-prioritarios-de-la-operacion-restitucion","status":"publish","type":"post","link":"https:\/\/elinformante.mx\/?p=87177","title":{"rendered":"Detienen a \u201cEl Mimoso\u201d y a \u201cLa G\u00fcera\u201d objetivos prioritarios de la operaci\u00f3n \u201cRestituci\u00f3n\u201d"},"content":{"rendered":"\n<figure class=\"wp-block-pullquote\"><blockquote><p>-\u201cEl Mimoso\u201d es identificado como l\u00edder y coordinador regional en el Edom\u00e9x de la organizaci\u00f3n social (sindicato) autodenominada \u201cAlianza Mexicana de Organizaciones Sociales (AMOS)\u201d.<\/p><\/blockquote><\/figure>\n\n\n\n<p class=\"has-drop-cap\">En acci\u00f3n operativa conjunta realizada en la Ciudad de M\u00e9xico, elementos de la Guardia Nacional (GN), de la FGJEM y FGJ CDMX, detuvieron a Jos\u00e9 Luis \u201cN\u201d, \u201cEl Mimoso\u201d, identificado como l\u00edder y coordinador regional en el Estado de M\u00e9xico de la organizaci\u00f3n social (sindicato) autodenominada \u201cAlianza Mexicana de Organizaciones Sociales (AMOS)\u201d, y quien es investigado por su probable intervenci\u00f3n en extorsiones, as\u00ed como con los delitos de despojo y contra la propiedad cometidos con violencia en el Edom\u00e9x.<br><\/p>\n\n\n\n<p>En acci\u00f3n operativa llevada a cabo en el municipio de La Paz, GN y Fiscal\u00eda mexiquense, detuvieron a Pilar Noem\u00ed \u201cN\u201d, alias \u201cLa G\u00fcera\u201d, considerada generadora de violencia y se\u00f1alada como integrante relevante de la red criminal de \u201cEl Mimoso\u201d para la comisi\u00f3n de diversos hechos delictivos, por lo que tambi\u00e9n era un objetivo prioritario.<br><\/p>\n\n\n\n<p>Ambos detenidos eran considerados objetivos de esta Fiscal\u00eda dentro de la Operaci\u00f3n \u201cRestituci\u00f3n\u201d, ya que, de acuerdo con las indagatorias, en conjunto con integrantes de su organizaci\u00f3n, habr\u00edan realizado acciones de manera individual o colectiva que favorecieron a terceros para ocupar de propia autoridad y sin tener derecho a ello, casas habitaci\u00f3n, locales comerciales, naves industriales o predios en municipios de la regi\u00f3n oriente de la entidad.<br><\/p>\n\n\n\n<p>\u201cMimoso\u201d, se dedicaba a la comisi\u00f3n de delitos de alto impacto como homicidios, extorsiones y robos, de igual forma es indagado por presumiblemente cometer despojos, invasi\u00f3n de terrenos ejidales y venta fraudulenta de lotes, en la regi\u00f3n del municipio de La Paz.<br><\/p>\n\n\n\n<figure class=\"wp-block-image size-large\"><img fetchpriority=\"high\" decoding=\"async\" width=\"1024\" height=\"506\" src=\"https:\/\/elinformante.mx\/wp-content\/uploads\/2025\/07\/13detienen-2-1024x506.jpg\" alt=\"\" class=\"wp-image-87179\" srcset=\"https:\/\/elinformante.mx\/wp-content\/uploads\/2025\/07\/13detienen-2-1024x506.jpg 1024w, https:\/\/elinformante.mx\/wp-content\/uploads\/2025\/07\/13detienen-2-300x148.jpg 300w, https:\/\/elinformante.mx\/wp-content\/uploads\/2025\/07\/13detienen-2-768x379.jpg 768w, https:\/\/elinformante.mx\/wp-content\/uploads\/2025\/07\/13detienen-2.jpg 1140w\" sizes=\"(max-width: 1024px) 100vw, 1024px\" \/><\/figure>\n\n\n\n<p>Este sujeto tiene antecedentes penales por delitos como homicidio y extorsi\u00f3n. En el a\u00f1o 2015, fue detenido en cumplimiento de orden de aprehensi\u00f3n por extorsi\u00f3n, por lo que fue ingresado al Centro Penitenciario y de Reinserci\u00f3n Social de Nezahualc\u00f3yotl.<br><\/p>\n\n\n\n<p>Le fue dictada sentencia de condena de 47 a\u00f1os de prisi\u00f3n, no obstante, despu\u00e9s de estar recluido por dos a\u00f1os, le fue decretada su libertad. Tras salir de prisi\u00f3n habr\u00eda continuado con la comisi\u00f3n de hechos delictivos, por ello era buscado por autoridades mexiquenses.<br><\/p>\n\n\n\n<p>La Fiscal\u00eda Edom\u00e9x investiga su relaci\u00f3n con autoridades del orden municipal de anteriores ayuntamientos en la regi\u00f3n oriente de la entidad, principalmente de La Paz, para su protecci\u00f3n, encubrimiento o la comisi\u00f3n de hechos delictivos.<br><\/p>\n\n\n\n<p>Informaci\u00f3n de la FGJEM estableci\u00f3 que Jos\u00e9 Luis \u201cN\u201d, \u201cEl Mimoso\u201d y Pilar Noemi \u201cN\u201d, \u201cLa G\u00fcera\u201d, estar\u00edan relacionados con despojos en la comunidad Lomas de San Sebasti\u00e1n, en el municipio de La Paz. Ambas personas se ostentaban como luchadores sociales y controlaban grupos de mototaxistas, tianguistas e invasores, a quienes utilizan como grupos de choque.<br><\/p>\n\n\n\n<figure class=\"wp-block-image size-large\"><img decoding=\"async\" width=\"1024\" height=\"506\" src=\"https:\/\/elinformante.mx\/wp-content\/uploads\/2025\/07\/13detienen-3-1024x506.jpg\" alt=\"\" class=\"wp-image-87180\" srcset=\"https:\/\/elinformante.mx\/wp-content\/uploads\/2025\/07\/13detienen-3-1024x506.jpg 1024w, https:\/\/elinformante.mx\/wp-content\/uploads\/2025\/07\/13detienen-3-300x148.jpg 300w, https:\/\/elinformante.mx\/wp-content\/uploads\/2025\/07\/13detienen-3-768x379.jpg 768w, https:\/\/elinformante.mx\/wp-content\/uploads\/2025\/07\/13detienen-3.jpg 1140w\" sizes=\"(max-width: 1024px) 100vw, 1024px\" \/><\/figure>\n\n\n\n<p>Estas dos personas son investigadas por una extorsi\u00f3n registrada el pasado 23 de junio, cuando en conjunto con dos individuos m\u00e1s, arribaron a un inmueble ubicado en la calle 21, de la colonia Valle de Los Reyes, en el municipio de La Paz.<br><\/p>\n\n\n\n<p>De igual forma el masculino detenido es indagado por otra extorsi\u00f3n perpetrada el pasado 15 de junio cuando arrib\u00f3 a un inmueble ubicado en la colonia Coatepec en el municipio de Ixtapaluca y habr\u00eda amenazado con un arma de fuego al inquilino de esa vivienda.<br><\/p>\n\n\n\n<p>Los detenidos ser\u00e1n ingresados a Centros Penitenciarios y de Reinserci\u00f3n Social, en cumplimiento de \u00f3rdenes de aprehensi\u00f3n, para quedar a disposici\u00f3n de un Juez, quien determinar\u00e1 su situaci\u00f3n jur\u00eddica.<br><\/p>\n\n\n\n<p>Esta Instituci\u00f3n contin\u00faa con las indagatorias a fin de poder establecer la probable intervenci\u00f3n de ambos detenidos en otros hechos delictivos de alto impacto registrados en la regi\u00f3n oriente de la entidad, no obstante, deben ser considerados inocentes hasta que sea dictada una sentencia condenatoria en su contra.<\/p>\n","protected":false},"excerpt":{"rendered":"<p>-\u201cEl Mimoso\u201d es identificado como l\u00edder y coordinador regional en el Edom\u00e9x de la organizaci\u00f3n social (sindicato) autodenominada \u201cAlianza Mexicana de Organizaciones Sociales (AMOS)\u201d. En acci\u00f3n operativa conjunta realizada en la Ciudad de M\u00e9xico, elementos de la Guardia Nacional (GN), de la FGJEM y FGJ CDMX, detuvieron a Jos\u00e9 Luis \u201cN\u201d, \u201cEl Mimoso\u201d, identificado como [&hellip;]<\/p>\n","protected":false},"author":1,"featured_media":87178,"comment_status":"closed","ping_status":"closed","sticky":false,"template":"","format":"standard","meta":{"footnotes":""},"categories":[30,36,37],"tags":[],"class_list":["post-87177","post","type-post","status-publish","format-standard","has-post-thumbnail","hentry","category-destacado","category-edomex","category-justicia"],"_links":{"self":[{"href":"https:\/\/elinformante.mx\/index.php?rest_route=\/wp\/v2\/posts\/87177","targetHints":{"allow":["GET"]}}],"collection":[{"href":"https:\/\/elinformante.mx\/index.php?rest_route=\/wp\/v2\/posts"}],"about":[{"href":"https:\/\/elinformante.mx\/index.php?rest_route=\/wp\/v2\/types\/post"}],"author":[{"embeddable":true,"href":"https:\/\/elinformante.mx\/index.php?rest_route=\/wp\/v2\/users\/1"}],"replies":[{"embeddable":true,"href":"https:\/\/elinformante.mx\/index.php?rest_route=%2Fwp%2Fv2%2Fcomments&post=87177"}],"version-history":[{"count":0,"href":"https:\/\/elinformante.mx\/index.php?rest_route=\/wp\/v2\/posts\/87177\/revisions"}],"wp:featuredmedia":[{"embeddable":true,"href":"https:\/\/elinformante.mx\/index.php?rest_route=\/wp\/v2\/media\/87178"}],"wp:attachment":[{"href":"https:\/\/elinformante.mx\/index.php?rest_route=%2Fwp%2Fv2%2Fmedia&parent=87177"}],"wp:term":[{"taxonomy":"category","embeddable":true,"href":"https:\/\/elinformante.mx\/index.php?rest_route=%2Fwp%2Fv2%2Fcategories&post=87177"},{"taxonomy":"post_tag","embeddable":true,"href":"https:\/\/elinformante.mx\/index.php?rest_route=%2Fwp%2Fv2%2Ftags&post=87177"}],"curies":[{"name":"wp","href":"https:\/\/api.w.org\/{rel}","templated":true}]}}