{"id":87185,"date":"2025-07-02T06:03:39","date_gmt":"2025-07-02T12:03:39","guid":{"rendered":"https:\/\/elinformante.mx\/?p=87185"},"modified":"2025-07-02T06:04:08","modified_gmt":"2025-07-02T12:04:08","slug":"encabeza-ramirez-ponce-jornada-de-limpieza-y-restauracion-de-bosques-de-galeria-en-lerma","status":"publish","type":"post","link":"https:\/\/elinformante.mx\/?p=87185","title":{"rendered":"Encabeza Ram\u00edrez Ponce Jornada de Limpieza y Restauraci\u00f3n de Bosques de Galer\u00eda en Lerma"},"content":{"rendered":"\n<figure class=\"wp-block-pullquote\"><blockquote><p>Esta jornada est\u00e1 pensada para conmemorar el D\u00eda Nacional el Ahuehuete.<\/p><\/blockquote><\/figure>\n\n\n\n<p class=\"has-drop-cap\">El presidente Miguel \u00c1ngel Ram\u00edrez Ponce encabez\u00f3 la Jornada Estatal de Limpieza y Restauraci\u00f3n de Bosques de Galer\u00eda en Lerma, junto con la Titular de la Secretar\u00eda del Campo y Probosque, Mtra. Mar\u00eda Eugenia Rojano.<br><\/p>\n\n\n\n<p>El objetivo de esta jornada es sembrar m\u00e1s de mil arbolitos de ahuehuete, sauce y aile, todo a lo largo de 3.8 kil\u00f3metros que comprende la rivera del R\u00edo Ameyalco.<br><\/p>\n\n\n\n<p>Esta jornada est\u00e1 pensada para conmemorar el D\u00eda Nacional el Ahuehuete, se\u00f1alaron las autoridades.<br><\/p>\n\n\n\n<p>Informaron que se llevaron a cabo la limpieza de 7.5 km de estos corredores ecol\u00f3gicos, adem\u00e1s de plantarse mil \u00e1rboles.<br><\/p>\n\n\n\n<figure class=\"wp-block-image size-large\"><img fetchpriority=\"high\" decoding=\"async\" width=\"1024\" height=\"506\" src=\"https:\/\/elinformante.mx\/wp-content\/uploads\/2025\/07\/12lerma-1024x506.jpg\" alt=\"\" class=\"wp-image-87187\" srcset=\"https:\/\/elinformante.mx\/wp-content\/uploads\/2025\/07\/12lerma-1024x506.jpg 1024w, https:\/\/elinformante.mx\/wp-content\/uploads\/2025\/07\/12lerma-300x148.jpg 300w, https:\/\/elinformante.mx\/wp-content\/uploads\/2025\/07\/12lerma-768x379.jpg 768w, https:\/\/elinformante.mx\/wp-content\/uploads\/2025\/07\/12lerma.jpg 1140w\" sizes=\"(max-width: 1024px) 100vw, 1024px\" \/><\/figure>\n\n\n\n<p>Durante la jornada se se\u00f1al\u00f3 a todos los participantes que el Gobierno del Estado de M\u00e9xico reafirma su compromiso con la restauraci\u00f3n Hidrol\u00f3gico Forestal en la entidad mexiquense.<br><\/p>\n\n\n\n<p>El director general de Probosque y Presidente de la Asociaci\u00f3n Mexicana del Ahuehuete Alejandro S\u00e1nchez V\u00e9lez dirigi\u00f3 los trabajos donde participaron personas de diversas instituciones.<br><\/p>\n\n\n\n<p>Ram\u00edrez Ponce mencion\u00f3 que todas estas acciones se han logrado gracias a la buena cooperaci\u00f3n entre el gobierno de Lerma y las autoridades del Edom\u00e9x.<br><\/p>\n\n\n\n<p>Se\u00f1alaron que no basta con plantar, hay que acompa\u00f1ar el crecimiento de cada \u00e1rbol con actividades silviculturales para que crezcan sanos y fuertes.<br><\/p>\n\n\n\n<p>Mencionaron que cuando se planta un \u00e1rbol en zonas degradadas, no solo se busca recuperar el paisaje, lo principal es devolver el equilibrio a todo el ecosistema de Lerma.<\/p>\n","protected":false},"excerpt":{"rendered":"<p>Esta jornada est\u00e1 pensada para conmemorar el D\u00eda Nacional el Ahuehuete. El presidente Miguel \u00c1ngel Ram\u00edrez Ponce encabez\u00f3 la Jornada Estatal de Limpieza y Restauraci\u00f3n de Bosques de Galer\u00eda en Lerma, junto con la Titular de la Secretar\u00eda del Campo y Probosque, Mtra. Mar\u00eda Eugenia Rojano. El objetivo de esta jornada es sembrar m\u00e1s de [&hellip;]<\/p>\n","protected":false},"author":1,"featured_media":87186,"comment_status":"closed","ping_status":"closed","sticky":false,"template":"","format":"standard","meta":{"footnotes":""},"categories":[36],"tags":[],"class_list":["post-87185","post","type-post","status-publish","format-standard","has-post-thumbnail","hentry","category-edomex"],"_links":{"self":[{"href":"https:\/\/elinformante.mx\/index.php?rest_route=\/wp\/v2\/posts\/87185","targetHints":{"allow":["GET"]}}],"collection":[{"href":"https:\/\/elinformante.mx\/index.php?rest_route=\/wp\/v2\/posts"}],"about":[{"href":"https:\/\/elinformante.mx\/index.php?rest_route=\/wp\/v2\/types\/post"}],"author":[{"embeddable":true,"href":"https:\/\/elinformante.mx\/index.php?rest_route=\/wp\/v2\/users\/1"}],"replies":[{"embeddable":true,"href":"https:\/\/elinformante.mx\/index.php?rest_route=%2Fwp%2Fv2%2Fcomments&post=87185"}],"version-history":[{"count":0,"href":"https:\/\/elinformante.mx\/index.php?rest_route=\/wp\/v2\/posts\/87185\/revisions"}],"wp:featuredmedia":[{"embeddable":true,"href":"https:\/\/elinformante.mx\/index.php?rest_route=\/wp\/v2\/media\/87186"}],"wp:attachment":[{"href":"https:\/\/elinformante.mx\/index.php?rest_route=%2Fwp%2Fv2%2Fmedia&parent=87185"}],"wp:term":[{"taxonomy":"category","embeddable":true,"href":"https:\/\/elinformante.mx\/index.php?rest_route=%2Fwp%2Fv2%2Fcategories&post=87185"},{"taxonomy":"post_tag","embeddable":true,"href":"https:\/\/elinformante.mx\/index.php?rest_route=%2Fwp%2Fv2%2Ftags&post=87185"}],"curies":[{"name":"wp","href":"https:\/\/api.w.org\/{rel}","templated":true}]}}