{"id":87192,"date":"2025-07-02T06:10:26","date_gmt":"2025-07-02T12:10:26","guid":{"rendered":"https:\/\/elinformante.mx\/?p=87192"},"modified":"2025-07-02T06:10:28","modified_gmt":"2025-07-02T12:10:28","slug":"firma-ana-muniz-neyra-cuatro-convenios-con-la-secretaria-estatal-del-medio-ambiente","status":"publish","type":"post","link":"https:\/\/elinformante.mx\/?p=87192","title":{"rendered":"Firma Ana Mu\u00f1iz Neyra cuatro convenios con la secretar\u00eda estatal del medio ambiente"},"content":{"rendered":"\n<figure class=\"wp-block-pullquote\"><blockquote><p>-Estos acuerdos fortalecer\u00e1n la planeaci\u00f3n territorial sostenible, el impulso a la participaci\u00f3n ciudadana y la consolidaci\u00f3n de acciones de restauraci\u00f3n y manejo ambiental.<\/p><\/blockquote><\/figure>\n\n\n\n<p class=\"has-drop-cap\">Con el fin de fortalecer la protecci\u00f3n y el manejo sostenible de los recursos naturales municipales, el gobierno encabezado por la presidenta Ana Aurora Mu\u00f1iz Neyra, firm\u00f3 hoy cuatro convenios de colaboraci\u00f3n con la Secretar\u00eda del Medio Ambiente y Desarrollo Sostenible del Estado de M\u00e9xico.<br><\/p>\n\n\n\n<p>La firma se realiz\u00f3 en el marco de la Feria Ambiental San Mateo Atenco 2025, un espacio de encuentro y conciencia ciudadana que reuni\u00f3 a autoridades estatales y federales, representantes de empresas, instituciones educativas y comunidad en general, para sumar esfuerzos en favor de la conservaci\u00f3n ambiental.<br><\/p>\n\n\n\n<p>La presidenta Ana Mu\u00f1iz subray\u00f3 que el compromiso ambiental de San Mateo Atenco se traduce en resultados concretos y en alianzas estrat\u00e9gicas que consolidan una pol\u00edtica p\u00fablica sostenible.<br><\/p>\n\n\n\n<p>\u201cEstamos desarrollando 24 proyectos ambientales, hemos capacitado a m\u00e1s de 7 mil estudiantes y trabajamos permanentemente en limpieza, reforestaci\u00f3n y desazolves para prevenir inundaciones\u201d, destac\u00f3.<br><\/p>\n\n\n\n<p>Adem\u00e1s, -dijo- \u201cen lo que va del a\u00f1o, hemos recolectado m\u00e1s de 12 mil 600 neum\u00e1ticos e instalamos dos biodigestores en el rastro municipal y tres m\u00e1s en el Centro de Control y Bienestar Animal, para prevenir enfermedades y la contaminaci\u00f3n de r\u00edos, canales o drenajes, evitando riesgos sanitarios m\u00e1s amplios.\u201d<br><\/p>\n\n\n\n<figure class=\"wp-block-image size-large\"><img fetchpriority=\"high\" decoding=\"async\" width=\"1024\" height=\"506\" src=\"https:\/\/elinformante.mx\/wp-content\/uploads\/2025\/07\/11mateo-1024x506.jpg\" alt=\"\" class=\"wp-image-87194\" srcset=\"https:\/\/elinformante.mx\/wp-content\/uploads\/2025\/07\/11mateo-1024x506.jpg 1024w, https:\/\/elinformante.mx\/wp-content\/uploads\/2025\/07\/11mateo-300x148.jpg 300w, https:\/\/elinformante.mx\/wp-content\/uploads\/2025\/07\/11mateo-768x379.jpg 768w, https:\/\/elinformante.mx\/wp-content\/uploads\/2025\/07\/11mateo.jpg 1140w\" sizes=\"(max-width: 1024px) 100vw, 1024px\" \/><\/figure>\n\n\n\n<p>Ana Mu\u00f1iz destac\u00f3 que la labor permanente para la prevenci\u00f3n, reacci\u00f3n y atenci\u00f3n a inundaciones, en la que se incluye el Programa de Desazolve, \u201cporque en San Mateo Atenco, sabemos que cuidar el medio ambiente tambi\u00e9n es protegernos de las inundaciones.\u201d<br><\/p>\n\n\n\n<p>Los cuatro convenios firmados con la Secretar\u00eda del Medio Ambiente y Desarrollo Sostenible tienen por objeto la coordinaci\u00f3n de acciones en materia ambiental, para el ordenamiento ecol\u00f3gico, la protecci\u00f3n y restauraci\u00f3n ambiental y para la concertaci\u00f3n y participaci\u00f3n ciudadana, en beneficio de las generaciones presentes y futuras, afirm\u00f3 la alcaldesa.<br><\/p>\n\n\n\n<p>Por su parte, la secretaria del Medio Ambiente del Estado de M\u00e9xico, Alhel\u00ed Rubio Arronis, reconoci\u00f3 el trabajo sistem\u00e1tico y constante de San Mateo Atenco para impulsar la conservaci\u00f3n: \u201cSan Mateo Atenco no habla de medio ambiente con palabras, sino con hechos, desde jardines polinizadores hasta la restauraci\u00f3n de r\u00edos y la meta de Basura cero\u201d.<br><\/p>\n\n\n\n<p>Se\u00f1al\u00f3 que estos convenios son un compromiso conjunto para lograr ciudades resilientes, sostenibles y conscientes: \u201cnecesitamos la participaci\u00f3n de todas y todos para que el Estado de M\u00e9xico sea cada vez m\u00e1s verde y sostenible\u201d, expres\u00f3.<br><\/p>\n\n\n\n<p>Durante este acto, la presidenta Ana Mu\u00f1iz Neyra refrend\u00f3 su compromiso de trabajar en unidad con los dem\u00e1s \u00f3rdenes de gobierno, con la iniciativa privada y con la sociedad civil para construir un municipio m\u00e1s sostenible, resiliente y guardi\u00e1n del bienestar de la poblaci\u00f3n.<br><\/p>\n\n\n\n<p>La Feria Ambiental 2025 ofreci\u00f3 14 stands con buenas pr\u00e1cticas, tecnolog\u00edas limpias y proyectos comunitarios, as\u00ed como talleres de compostaje, impulsando soluciones accesibles y replicables para fortalecer la cultura ambiental en el municipio.<\/p>\n","protected":false},"excerpt":{"rendered":"<p>-Estos acuerdos fortalecer\u00e1n la planeaci\u00f3n territorial sostenible, el impulso a la participaci\u00f3n ciudadana y la consolidaci\u00f3n de acciones de restauraci\u00f3n y manejo ambiental. Con el fin de fortalecer la protecci\u00f3n y el manejo sostenible de los recursos naturales municipales, el gobierno encabezado por la presidenta Ana Aurora Mu\u00f1iz Neyra, firm\u00f3 hoy cuatro convenios de colaboraci\u00f3n [&hellip;]<\/p>\n","protected":false},"author":1,"featured_media":87193,"comment_status":"closed","ping_status":"closed","sticky":false,"template":"","format":"standard","meta":{"footnotes":""},"categories":[36],"tags":[],"class_list":["post-87192","post","type-post","status-publish","format-standard","has-post-thumbnail","hentry","category-edomex"],"_links":{"self":[{"href":"https:\/\/elinformante.mx\/index.php?rest_route=\/wp\/v2\/posts\/87192","targetHints":{"allow":["GET"]}}],"collection":[{"href":"https:\/\/elinformante.mx\/index.php?rest_route=\/wp\/v2\/posts"}],"about":[{"href":"https:\/\/elinformante.mx\/index.php?rest_route=\/wp\/v2\/types\/post"}],"author":[{"embeddable":true,"href":"https:\/\/elinformante.mx\/index.php?rest_route=\/wp\/v2\/users\/1"}],"replies":[{"embeddable":true,"href":"https:\/\/elinformante.mx\/index.php?rest_route=%2Fwp%2Fv2%2Fcomments&post=87192"}],"version-history":[{"count":0,"href":"https:\/\/elinformante.mx\/index.php?rest_route=\/wp\/v2\/posts\/87192\/revisions"}],"wp:featuredmedia":[{"embeddable":true,"href":"https:\/\/elinformante.mx\/index.php?rest_route=\/wp\/v2\/media\/87193"}],"wp:attachment":[{"href":"https:\/\/elinformante.mx\/index.php?rest_route=%2Fwp%2Fv2%2Fmedia&parent=87192"}],"wp:term":[{"taxonomy":"category","embeddable":true,"href":"https:\/\/elinformante.mx\/index.php?rest_route=%2Fwp%2Fv2%2Fcategories&post=87192"},{"taxonomy":"post_tag","embeddable":true,"href":"https:\/\/elinformante.mx\/index.php?rest_route=%2Fwp%2Fv2%2Ftags&post=87192"}],"curies":[{"name":"wp","href":"https:\/\/api.w.org\/{rel}","templated":true}]}}