{"id":87196,"date":"2025-07-02T06:12:42","date_gmt":"2025-07-02T12:12:42","guid":{"rendered":"https:\/\/elinformante.mx\/?p=87196"},"modified":"2025-07-02T06:15:10","modified_gmt":"2025-07-02T12:15:10","slug":"ricardo-moreno-pone-en-funcionamiento-el-pozo-parque-alameda","status":"publish","type":"post","link":"https:\/\/elinformante.mx\/?p=87196","title":{"rendered":"Ricardo Moreno pone en funcionamiento el Pozo Parque Alameda"},"content":{"rendered":"\n<figure class=\"wp-block-pullquote\"><blockquote><p>-Es el sexto perforado en Toluca en seis meses; abastecer\u00e1 a colonias del Centro Hist\u00f3rico.<\/p><\/blockquote><\/figure>\n\n\n\n<p class=\"has-drop-cap\">Con el objetivo de garantizar el acceso equitativo y universal al agua, el Gobierno del Estado de M\u00e9xico trabaja en coordinaci\u00f3n con el Ayuntamiento de Toluca para instalar pozos que fortalezcan el abasto local, sin depender del Sistema Cutzamala.<br><\/p>\n\n\n\n<p>El Presidente Municipal, Ricardo Moreno, puso en marcha el pozo parque Alameda que dotar\u00e1 de agua a m\u00e1s de 12 mil habitantes de la delegaci\u00f3n Centro Hist\u00f3rico, y alimentar\u00e1 el tanque de la Teresona, beneficiando a m\u00e1s zonas de la capital.<br><\/p>\n\n\n\n<p>Se\u00f1al\u00f3 que en menos de un a\u00f1o, la poblaci\u00f3n se ha beneficiado de los avances en materia h\u00eddrica, asimismo reafirm\u00f3 su compromiso de aprovechar de forma eficiente los recursos del Gobierno municipal, pues \u201cno solo se extrae agua, tambi\u00e9n vamos a infiltrar, tratar y reutilizar el l\u00edquido, cerraremos el ciclo h\u00eddrico de manera responsable siguiendo la visi\u00f3n la Presidenta Claudia Sheinbaum y de la Gobernadora del Estado de M\u00e9xico, Delfina G\u00f3mez \u00c1lvarez\u201d, puntualiz\u00f3.<br><\/p>\n\n\n\n<figure class=\"wp-block-image size-large\"><img fetchpriority=\"high\" decoding=\"async\" width=\"1024\" height=\"506\" src=\"https:\/\/elinformante.mx\/wp-content\/uploads\/2025\/07\/11toluca-1-1024x506.jpg\" alt=\"\" class=\"wp-image-87198\" srcset=\"https:\/\/elinformante.mx\/wp-content\/uploads\/2025\/07\/11toluca-1-1024x506.jpg 1024w, https:\/\/elinformante.mx\/wp-content\/uploads\/2025\/07\/11toluca-1-300x148.jpg 300w, https:\/\/elinformante.mx\/wp-content\/uploads\/2025\/07\/11toluca-1-768x379.jpg 768w, https:\/\/elinformante.mx\/wp-content\/uploads\/2025\/07\/11toluca-1.jpg 1140w\" sizes=\"(max-width: 1024px) 100vw, 1024px\" \/><\/figure>\n\n\n\n<p>Acompa\u00f1ado del Secretario General de Gobierno del Estado de M\u00e9xico, Horacio Duarte Olivares, el alcalde destac\u00f3 que este pozo forma parte de los 21 rehabilitados y perforados a entregar en abril del 2026, para reducir la dependencia al Sistema Cutzamala y dar cobertura integral al municipio.<br><\/p>\n\n\n\n<p>\u201cDesde el Gobierno de M\u00e9xico, en coordinaci\u00f3n con el Gobierno del Estado de M\u00e9xico se est\u00e1n aplicando una serie de pol\u00edticas para contener la disminuci\u00f3n en el Sistema Cutzamala y apoyar acciones locales como las que hoy encabeza aqu\u00ed el compa\u00f1ero Ricardo Moreno\u201d, sostuvo Duarte Olivares.<br><\/p>\n\n\n\n<p>Duarte hizo \u00e9nfasis en la importancia de sumar esfuerzos entre los tres \u00f3rdenes de gobierno. \u201cNecesitamos que los gobiernos federal, estatal y municipal colaboren en pol\u00edticas que hagan posible que la mayor\u00eda de los ciudadanos tengan acceso a este vital l\u00edquido\u201d, expres\u00f3.<\/p>\n","protected":false},"excerpt":{"rendered":"<p>-Es el sexto perforado en Toluca en seis meses; abastecer\u00e1 a colonias del Centro Hist\u00f3rico. Con el objetivo de garantizar el acceso equitativo y universal al agua, el Gobierno del Estado de M\u00e9xico trabaja en coordinaci\u00f3n con el Ayuntamiento de Toluca para instalar pozos que fortalezcan el abasto local, sin depender del Sistema Cutzamala. El [&hellip;]<\/p>\n","protected":false},"author":1,"featured_media":87197,"comment_status":"closed","ping_status":"closed","sticky":false,"template":"","format":"standard","meta":{"footnotes":""},"categories":[30,36],"tags":[],"class_list":["post-87196","post","type-post","status-publish","format-standard","has-post-thumbnail","hentry","category-destacado","category-edomex"],"_links":{"self":[{"href":"https:\/\/elinformante.mx\/index.php?rest_route=\/wp\/v2\/posts\/87196","targetHints":{"allow":["GET"]}}],"collection":[{"href":"https:\/\/elinformante.mx\/index.php?rest_route=\/wp\/v2\/posts"}],"about":[{"href":"https:\/\/elinformante.mx\/index.php?rest_route=\/wp\/v2\/types\/post"}],"author":[{"embeddable":true,"href":"https:\/\/elinformante.mx\/index.php?rest_route=\/wp\/v2\/users\/1"}],"replies":[{"embeddable":true,"href":"https:\/\/elinformante.mx\/index.php?rest_route=%2Fwp%2Fv2%2Fcomments&post=87196"}],"version-history":[{"count":0,"href":"https:\/\/elinformante.mx\/index.php?rest_route=\/wp\/v2\/posts\/87196\/revisions"}],"wp:featuredmedia":[{"embeddable":true,"href":"https:\/\/elinformante.mx\/index.php?rest_route=\/wp\/v2\/media\/87197"}],"wp:attachment":[{"href":"https:\/\/elinformante.mx\/index.php?rest_route=%2Fwp%2Fv2%2Fmedia&parent=87196"}],"wp:term":[{"taxonomy":"category","embeddable":true,"href":"https:\/\/elinformante.mx\/index.php?rest_route=%2Fwp%2Fv2%2Fcategories&post=87196"},{"taxonomy":"post_tag","embeddable":true,"href":"https:\/\/elinformante.mx\/index.php?rest_route=%2Fwp%2Fv2%2Ftags&post=87196"}],"curies":[{"name":"wp","href":"https:\/\/api.w.org\/{rel}","templated":true}]}}