{"id":87200,"date":"2025-07-02T06:19:07","date_gmt":"2025-07-02T12:19:07","guid":{"rendered":"https:\/\/elinformante.mx\/?p=87200"},"modified":"2025-07-02T06:19:11","modified_gmt":"2025-07-02T12:19:11","slug":"sala-de-asuntos-indigenas-del-pjedomex-otorga-primera-amnistia","status":"publish","type":"post","link":"https:\/\/elinformante.mx\/?p=87200","title":{"rendered":"Sala de Asuntos Ind\u00edgenas del PJEdom\u00e9x otorga primera amnist\u00eda"},"content":{"rendered":"\n<figure class=\"wp-block-pullquote\"><blockquote><p>-La decisi\u00f3n deriva del trabajo interinstitucional entre el Poder Judicial, la Comisi\u00f3n de Derechos Humanos, el Instituto de la Defensor\u00eda P\u00fablica, la Fiscal\u00eda General de Justicia y colectivos.<\/p><\/blockquote><\/figure>\n\n\n\n<p class=\"has-drop-cap\">En un hecho in\u00e9dito, la Sala de Asuntos Ind\u00edgenas (SAI) del Poder Judicial del Estado de M\u00e9xico (PJEdom\u00e9x) otorg\u00f3 -por unanimidad- amnist\u00eda a Longino, hombre nahua originario de San Pedro Tlanixco, Tenango del Valle, quien hace 14 a\u00f1os no tuvo acceso a una defensa culturalmente adecuada, por lo que en aquel momento no se respetaron plenamente sus derechos como integrante de una comunidad ind\u00edgena.<br><\/p>\n\n\n\n<p>Durante una sesi\u00f3n p\u00fablica, y ante representantes de pueblos originarios y comunidades afrodescendientes, el Presidente de ese \u00f3rgano, Magistrado Arturo M\u00e1rquez Gonz\u00e1lez, explic\u00f3 que se resolvi\u00f3 el caso bajo el fundamento de que al sentenciado no se le asign\u00f3 traductor ni defensor con conocimiento de su lengua ni de sus usos y costumbres, como lo establece el art\u00edculo 2\u00b0 Constitucional.<br><\/p>\n\n\n\n<p>Longino, de 59 a\u00f1os, hijo de campesinos, padre de once hijos y con estudios solo hasta el tercer a\u00f1o de primaria, fue condenado, en 2012, a 47 a\u00f1os de prisi\u00f3n. Su caso se deriv\u00f3 de una disputa con un grupo delincuencial que provoc\u00f3 una pelea durante una boda en su comunidad. En los hechos, Longino result\u00f3 herido y, tras un forcejeo, uno de sus agresores falleci\u00f3. Dos meses despu\u00e9s fue detenido y juzgado por homicidio calificado, sin que se hubiera considerado que se trat\u00f3 de una ri\u00f1a.<br><\/p>\n\n\n\n<p>Las Magistradas: Ver\u00f3nica Carrillo Carrillo, \u00c9rika Icela Castillo Vega, Mar\u00eda Ledit Becerril Garc\u00eda, y el Magistrado: Lorenzo Ren\u00e9 D\u00edaz Manjarrez, junto con M\u00e1rquez Gonz\u00e1lez, expresaron sus consideraciones y votaron por unanimidad.<br><\/p>\n\n\n\n<p>Coincidieron en que el caso analizado cumpl\u00eda con los requisitos legales para la procedencia de la amnist\u00eda y que existieron violaciones claras a los derechos humanos del beneficiario, entre ellas la falta de una defensa culturalmente adecuada.<br><\/p>\n\n\n\n<p>Desde su instalaci\u00f3n, la Sala de Asuntos Ind\u00edgenas ha trabajado para que la justicia sea una experiencia cercana y culturalmente adecuada para los pueblos originarios.<\/p>\n","protected":false},"excerpt":{"rendered":"<p>-La decisi\u00f3n deriva del trabajo interinstitucional entre el Poder Judicial, la Comisi\u00f3n de Derechos Humanos, el Instituto de la Defensor\u00eda P\u00fablica, la Fiscal\u00eda General de Justicia y colectivos. En un hecho in\u00e9dito, la Sala de Asuntos Ind\u00edgenas (SAI) del Poder Judicial del Estado de M\u00e9xico (PJEdom\u00e9x) otorg\u00f3 -por unanimidad- amnist\u00eda a Longino, hombre nahua originario [&hellip;]<\/p>\n","protected":false},"author":1,"featured_media":87202,"comment_status":"closed","ping_status":"closed","sticky":false,"template":"","format":"standard","meta":{"footnotes":""},"categories":[36],"tags":[],"class_list":["post-87200","post","type-post","status-publish","format-standard","has-post-thumbnail","hentry","category-edomex"],"_links":{"self":[{"href":"https:\/\/elinformante.mx\/index.php?rest_route=\/wp\/v2\/posts\/87200","targetHints":{"allow":["GET"]}}],"collection":[{"href":"https:\/\/elinformante.mx\/index.php?rest_route=\/wp\/v2\/posts"}],"about":[{"href":"https:\/\/elinformante.mx\/index.php?rest_route=\/wp\/v2\/types\/post"}],"author":[{"embeddable":true,"href":"https:\/\/elinformante.mx\/index.php?rest_route=\/wp\/v2\/users\/1"}],"replies":[{"embeddable":true,"href":"https:\/\/elinformante.mx\/index.php?rest_route=%2Fwp%2Fv2%2Fcomments&post=87200"}],"version-history":[{"count":0,"href":"https:\/\/elinformante.mx\/index.php?rest_route=\/wp\/v2\/posts\/87200\/revisions"}],"wp:featuredmedia":[{"embeddable":true,"href":"https:\/\/elinformante.mx\/index.php?rest_route=\/wp\/v2\/media\/87202"}],"wp:attachment":[{"href":"https:\/\/elinformante.mx\/index.php?rest_route=%2Fwp%2Fv2%2Fmedia&parent=87200"}],"wp:term":[{"taxonomy":"category","embeddable":true,"href":"https:\/\/elinformante.mx\/index.php?rest_route=%2Fwp%2Fv2%2Fcategories&post=87200"},{"taxonomy":"post_tag","embeddable":true,"href":"https:\/\/elinformante.mx\/index.php?rest_route=%2Fwp%2Fv2%2Ftags&post=87200"}],"curies":[{"name":"wp","href":"https:\/\/api.w.org\/{rel}","templated":true}]}}