{"id":87204,"date":"2025-07-02T06:44:47","date_gmt":"2025-07-02T12:44:47","guid":{"rendered":"https:\/\/elinformante.mx\/?p=87204"},"modified":"2025-07-02T06:44:53","modified_gmt":"2025-07-02T12:44:53","slug":"visibilizan-investigadores-de-la-uaemex-la-violencia-de-genero-hacia-los-hombres","status":"publish","type":"post","link":"https:\/\/elinformante.mx\/?p=87204","title":{"rendered":"Visibilizan investigadores de la UAEM\u00e9x la violencia de g\u00e9nero hacia los hombres"},"content":{"rendered":"\n<figure class=\"wp-block-pullquote\"><blockquote><p>De acuerdo con el an\u00e1lisis presentado por los docentes universitarios, este tipo de comportamientos suelen normalizarse entre la sociedad.<\/p><\/blockquote><\/figure>\n\n\n\n<p class=\"has-drop-cap\">Zayra Guadalupe Guti\u00e9rrez Bernal y Aristeo Santos L\u00f3pez, investigadores de la Facultad de Ciencias de la Conducta de la Universidad Aut\u00f3noma del Estado de M\u00e9xico (UAEMex), hicieron una reflexi\u00f3n acerca de las implicaciones y consecuencias de la violencia de g\u00e9nero que no solo afecta a las mujeres, sino tambi\u00e9n a algunos hombres y resulta indispensable erradicarla y prevenirla.<br><\/p>\n\n\n\n<p>Los investigadores mencionan en su art\u00edculo para la revista Universitaria, \u201cEntre el silencio. Violencia de g\u00e9nero hacia los hombres\u201d que la violencia es cualquier tipo de agresi\u00f3n f\u00edsica, psicol\u00f3gica, econ\u00f3mica o sexual. Comentan que este hecho involucra normas da\u00f1inas, desigualdad, abuso de poder y da\u00f1os en contra de cualquier persona, debido a su g\u00e9nero, inclusive cuando se trata de identidad no binaria.<br><\/p>\n\n\n\n<p>\u00bfPor qu\u00e9 no se habla de este tipo de violencia cuando afecta a los hombres?, es uno de los principales cuestionamientos planteados. Los autores afirman que la respuesta se basa en el desarrollo personal regulado por roles y estereotipos, pues, en M\u00e9xico la cultura tiende a remarcar como elementos caracter\u00edsticos de virilidad la valent\u00eda, la fuerza, la competencia, el autocontrol y la tolerancia al dolor, que se fomentan desde la infancia.<br><\/p>\n\n\n\n<p>De acuerdo con el an\u00e1lisis presentado por los docentes universitarios, este tipo de comportamientos suelen normalizarse entre la sociedad, aunque no suelen percibirse de la misma forma que los casos de las mujeres, pues est\u00e1n cargados de verg\u00fcenza y estigma. Los autores alertan que solo 4% de los casos son denunciados, pero las cifras reales de estas agresiones van en aumento.<br><\/p>\n\n\n\n<p>Zayra Guti\u00e9rrez y Aristeo Santos destacan que chistes sexistas, juegos inc\u00f3modos, retos sexuales para demostrar valent\u00eda, as\u00ed como la prohibici\u00f3n de comportamientos o actividades considerados poco masculinos y la presi\u00f3n social resultan dif\u00edciles de identificar, m\u00e1s aun, contribuyen a crear un ambiente en el que la violencia contra los hombres pasa desapercibida o se vive en silencio.<br><\/p>\n\n\n\n<p>Guti\u00e9rrez Bernal y Santos L\u00f3pez alertan que esta situaci\u00f3n es preocupante, ya que el aumento en las agresiones no denunciadas puede derivar en un incremento de la violencia no atendida y en un mayor sufrimiento para quienes la enfrentan, \u201cla invisibilizaci\u00f3n de estas experiencias tambi\u00e9n impide que se dise\u00f1en pol\u00edticas p\u00fablicas y programas de prevenci\u00f3n adecuados, que consideren las particularidades de los hombres v\u00edctimas de violencia\u201d.<br><\/p>\n\n\n\n<p>Por ello, los investigadores hicieron un llamado urgente a la sociedad, a las instituciones educativas y a los medios de comunicaci\u00f3n para generar conciencia sobre esta problem\u00e1tica, \u201cEs fundamental crear comunidades educativas y espacios de di\u00e1logo donde se reconozcan y denuncien cualquier tipo de agresi\u00f3n, sin importar el g\u00e9nero de la v\u00edctima\u201d<\/p>\n","protected":false},"excerpt":{"rendered":"<p>De acuerdo con el an\u00e1lisis presentado por los docentes universitarios, este tipo de comportamientos suelen normalizarse entre la sociedad. Zayra Guadalupe Guti\u00e9rrez Bernal y Aristeo Santos L\u00f3pez, investigadores de la Facultad de Ciencias de la Conducta de la Universidad Aut\u00f3noma del Estado de M\u00e9xico (UAEMex), hicieron una reflexi\u00f3n acerca de las implicaciones y consecuencias de [&hellip;]<\/p>\n","protected":false},"author":1,"featured_media":87205,"comment_status":"closed","ping_status":"closed","sticky":false,"template":"","format":"standard","meta":{"footnotes":""},"categories":[30,36],"tags":[],"class_list":["post-87204","post","type-post","status-publish","format-standard","has-post-thumbnail","hentry","category-destacado","category-edomex"],"_links":{"self":[{"href":"https:\/\/elinformante.mx\/index.php?rest_route=\/wp\/v2\/posts\/87204","targetHints":{"allow":["GET"]}}],"collection":[{"href":"https:\/\/elinformante.mx\/index.php?rest_route=\/wp\/v2\/posts"}],"about":[{"href":"https:\/\/elinformante.mx\/index.php?rest_route=\/wp\/v2\/types\/post"}],"author":[{"embeddable":true,"href":"https:\/\/elinformante.mx\/index.php?rest_route=\/wp\/v2\/users\/1"}],"replies":[{"embeddable":true,"href":"https:\/\/elinformante.mx\/index.php?rest_route=%2Fwp%2Fv2%2Fcomments&post=87204"}],"version-history":[{"count":0,"href":"https:\/\/elinformante.mx\/index.php?rest_route=\/wp\/v2\/posts\/87204\/revisions"}],"wp:featuredmedia":[{"embeddable":true,"href":"https:\/\/elinformante.mx\/index.php?rest_route=\/wp\/v2\/media\/87205"}],"wp:attachment":[{"href":"https:\/\/elinformante.mx\/index.php?rest_route=%2Fwp%2Fv2%2Fmedia&parent=87204"}],"wp:term":[{"taxonomy":"category","embeddable":true,"href":"https:\/\/elinformante.mx\/index.php?rest_route=%2Fwp%2Fv2%2Fcategories&post=87204"},{"taxonomy":"post_tag","embeddable":true,"href":"https:\/\/elinformante.mx\/index.php?rest_route=%2Fwp%2Fv2%2Ftags&post=87204"}],"curies":[{"name":"wp","href":"https:\/\/api.w.org\/{rel}","templated":true}]}}