{"id":87207,"date":"2025-07-02T06:48:57","date_gmt":"2025-07-02T12:48:57","guid":{"rendered":"https:\/\/elinformante.mx\/?p=87207"},"modified":"2025-07-02T06:49:00","modified_gmt":"2025-07-02T12:49:00","slug":"toma-protesta-el-general-marco-antonio-alvarez-reyes-como-comandante-al-mando-de-la-i-region-militar","status":"publish","type":"post","link":"https:\/\/elinformante.mx\/?p=87207","title":{"rendered":"Toma protesta el General Marco Antonio \u00c1lvarez Reyes como comandante al mando de la I Regi\u00f3n Militar"},"content":{"rendered":"\n<figure class=\"wp-block-pullquote\"><blockquote><p>-La gobernadora Delfina G\u00f3mez subraya la importancia de trabajar en coordinaci\u00f3n con las Fuerzas Armadas<\/p><\/blockquote><\/figure>\n\n\n\n<p class=\"has-drop-cap\">El General de Divisi\u00f3n Marco Antonio \u00c1lvarez Reyes tom\u00f3 protesta como nuevo comandante de la I Regi\u00f3n Militar. La gobernadora del Estado de M\u00e9xico, Delfina G\u00f3mez \u00c1lvarez, le dese\u00f3 \u00e9xito y destac\u00f3 la coordinaci\u00f3n con el Ej\u00e9rcito como clave para garantizar la paz y el bienestar en la entidad.<br><\/p>\n\n\n\n<p>\u00c1lvarez Reyes cuenta con 43 a\u00f1os de trayectoria en el Ej\u00e9rcito Mexicano. Es originario de San Luis Potos\u00ed y egres\u00f3 como Subteniente de Caballer\u00eda en 1983. Ha ocupado cargos estrat\u00e9gicos, como Comandante de la Primera Zona Militar en la Ciudad de M\u00e9xico y agregado militar en la Embajada de M\u00e9xico en EE. UU.<br><\/p>\n\n\n\n<p>Durante su nombramiento la gobernadora dijo:\u201dla coordinaci\u00f3n con las Fuerzas Armadas es esencial para garantizar el bienestar y la tranquilidad de todas y todos. Seguiremos sumando esfuerzos por la paz en el Edom\u00e9x\u201d.<br><\/p>\n\n\n\n<p>Entre 2023 y 2024 presidi\u00f3 el Consejo de Delegados de la Junta Interamericana de Defensa, organismo continental en Washington D.C. Su formaci\u00f3n incluye una maestr\u00eda en Seguridad Nacional y estudios en instituciones militares de alto nivel en Estados Unidos.<br><\/p>\n\n\n\n<p>Ha sido condecorado dos veces por Servicios Distinguidos. Su llegada a la I Regi\u00f3n Militar fortalece la estrategia federal y estatal en materia de seguridad.<br><\/p>\n\n\n\n<p>La I Regi\u00f3n Militar abarca la Ciudad de M\u00e9xico, el Estado de M\u00e9xico, Morelos y Guerrero. Es una de las m\u00e1s relevantes por su dimensi\u00f3n operativa y peso pol\u00edtico. La coordinaci\u00f3n civil-militar en la zona es vital ante los retos de violencia e inseguridad.<\/p>\n","protected":false},"excerpt":{"rendered":"<p>-La gobernadora Delfina G\u00f3mez subraya la importancia de trabajar en coordinaci\u00f3n con las Fuerzas Armadas El General de Divisi\u00f3n Marco Antonio \u00c1lvarez Reyes tom\u00f3 protesta como nuevo comandante de la I Regi\u00f3n Militar. La gobernadora del Estado de M\u00e9xico, Delfina G\u00f3mez \u00c1lvarez, le dese\u00f3 \u00e9xito y destac\u00f3 la coordinaci\u00f3n con el Ej\u00e9rcito como clave para [&hellip;]<\/p>\n","protected":false},"author":1,"featured_media":87208,"comment_status":"closed","ping_status":"closed","sticky":false,"template":"","format":"standard","meta":{"footnotes":""},"categories":[36],"tags":[],"class_list":["post-87207","post","type-post","status-publish","format-standard","has-post-thumbnail","hentry","category-edomex"],"_links":{"self":[{"href":"https:\/\/elinformante.mx\/index.php?rest_route=\/wp\/v2\/posts\/87207","targetHints":{"allow":["GET"]}}],"collection":[{"href":"https:\/\/elinformante.mx\/index.php?rest_route=\/wp\/v2\/posts"}],"about":[{"href":"https:\/\/elinformante.mx\/index.php?rest_route=\/wp\/v2\/types\/post"}],"author":[{"embeddable":true,"href":"https:\/\/elinformante.mx\/index.php?rest_route=\/wp\/v2\/users\/1"}],"replies":[{"embeddable":true,"href":"https:\/\/elinformante.mx\/index.php?rest_route=%2Fwp%2Fv2%2Fcomments&post=87207"}],"version-history":[{"count":0,"href":"https:\/\/elinformante.mx\/index.php?rest_route=\/wp\/v2\/posts\/87207\/revisions"}],"wp:featuredmedia":[{"embeddable":true,"href":"https:\/\/elinformante.mx\/index.php?rest_route=\/wp\/v2\/media\/87208"}],"wp:attachment":[{"href":"https:\/\/elinformante.mx\/index.php?rest_route=%2Fwp%2Fv2%2Fmedia&parent=87207"}],"wp:term":[{"taxonomy":"category","embeddable":true,"href":"https:\/\/elinformante.mx\/index.php?rest_route=%2Fwp%2Fv2%2Fcategories&post=87207"},{"taxonomy":"post_tag","embeddable":true,"href":"https:\/\/elinformante.mx\/index.php?rest_route=%2Fwp%2Fv2%2Ftags&post=87207"}],"curies":[{"name":"wp","href":"https:\/\/api.w.org\/{rel}","templated":true}]}}