{"id":87210,"date":"2025-07-02T06:50:22","date_gmt":"2025-07-02T12:50:22","guid":{"rendered":"https:\/\/elinformante.mx\/?p=87210"},"modified":"2025-07-02T06:50:28","modified_gmt":"2025-07-02T12:50:28","slug":"delfina-gomez-y-claudia-sheinbaum-reciben-en-el-aifa-primer-avion-embraer","status":"publish","type":"post","link":"https:\/\/elinformante.mx\/?p=87210","title":{"rendered":"Delfina G\u00f3mez y Claudia Sheinbaum reciben en el AIFA primer avi\u00f3n Embraer"},"content":{"rendered":"\n<figure class=\"wp-block-pullquote\"><blockquote><p>-Para beneficiar a las y los mexicanos, se fortalece la conectividad a\u00e9rea y eficiencia operativa de la aerol\u00ednea del Estado Mexicano con nueva flota de 20 aeronaves.<br>-Esta unidad est\u00e1 equipada con motores de nueva generaci\u00f3n que reducen hasta un 29% el consumo de combustible y las emisiones de carbono.<\/p><\/blockquote><\/figure>\n\n\n\n<p class=\"has-drop-cap\">La Presidenta Claudia Sheinbaum Pardo y la Gobernadora Delfina G\u00f3mez \u00c1lvarez encabezaron la recepci\u00f3n del primer avi\u00f3n Embraer E-195E2 en el Aeropuerto Internacional Felipe \u00c1ngeles (AIFA), como parte de la modernizaci\u00f3n de la aerol\u00ednea Mexicana de Aviaci\u00f3n, operada por el Estado Mexicano.<br><\/p>\n\n\n\n<p>Durante la ceremonia en la Plataforma del Operador de Base Fija del AIFA, las Mandatarias presenciaron el aterrizaje del Embraer E-195E2, la primera de 20 unidades adquiridas por la aerol\u00ednea para fortalecer su conectividad y eficiencia operativa.<br><\/p>\n\n\n\n<figure class=\"wp-block-image size-large\"><img fetchpriority=\"high\" decoding=\"async\" width=\"1024\" height=\"506\" src=\"https:\/\/elinformante.mx\/wp-content\/uploads\/2025\/07\/7delfina-2-1-1024x506.jpg\" alt=\"\" class=\"wp-image-87211\" srcset=\"https:\/\/elinformante.mx\/wp-content\/uploads\/2025\/07\/7delfina-2-1-1024x506.jpg 1024w, https:\/\/elinformante.mx\/wp-content\/uploads\/2025\/07\/7delfina-2-1-300x148.jpg 300w, https:\/\/elinformante.mx\/wp-content\/uploads\/2025\/07\/7delfina-2-1-768x379.jpg 768w, https:\/\/elinformante.mx\/wp-content\/uploads\/2025\/07\/7delfina-2-1.jpg 1140w\" sizes=\"(max-width: 1024px) 100vw, 1024px\" \/><\/figure>\n\n\n\n<p>La aeronave de fabricaci\u00f3n brasile\u00f1a tiene amplios espacios con capacidad para 132 pasajeros y cuenta con sistemas avanzados de gesti\u00f3n de vuelo que mejoran la seguridad. Est\u00e1 equipada con motores de nueva generaci\u00f3n que reducen hasta un 29 por ciento el consumo de combustible y las emisiones de carbono.<br><\/p>\n\n\n\n<p>Mexicana de Aviaci\u00f3n, relanzada por el Estado Mexicano en 2023, recibir\u00e1 cinco aviones este a\u00f1o, siete m\u00e1s en 2026 y ocho adicionales en 2027 con el objetivo de cubrir rutas estrat\u00e9gicas del pa\u00eds en beneficio de las y los mexicanos, as\u00ed como ofrecer servicio de carga comercial desde el AIFA.<br><\/p>\n\n\n\n<p>Al evento asistieron tambi\u00e9n el General Ricardo Trevilla Trejo, titular de la Secretar\u00eda de la Defensa Nacional (Defensa); el General Leobardo \u00c1vila Boj\u00f3rquez, Director General de Mexicana de Aviaci\u00f3n, aerol\u00ednea del Estado Mexicano; y el embajador de Brasil en M\u00e9xico, Nedilson Ricardo Jorge, entre otros funcionarios federales y mandos militares.<\/p>\n","protected":false},"excerpt":{"rendered":"<p>-Para beneficiar a las y los mexicanos, se fortalece la conectividad a\u00e9rea y eficiencia operativa de la aerol\u00ednea del Estado Mexicano con nueva flota de 20 aeronaves.-Esta unidad est\u00e1 equipada con motores de nueva generaci\u00f3n que reducen hasta un 29% el consumo de combustible y las emisiones de carbono. La Presidenta Claudia Sheinbaum Pardo y [&hellip;]<\/p>\n","protected":false},"author":1,"featured_media":87212,"comment_status":"closed","ping_status":"closed","sticky":false,"template":"","format":"standard","meta":{"footnotes":""},"categories":[30,36],"tags":[],"class_list":["post-87210","post","type-post","status-publish","format-standard","has-post-thumbnail","hentry","category-destacado","category-edomex"],"_links":{"self":[{"href":"https:\/\/elinformante.mx\/index.php?rest_route=\/wp\/v2\/posts\/87210","targetHints":{"allow":["GET"]}}],"collection":[{"href":"https:\/\/elinformante.mx\/index.php?rest_route=\/wp\/v2\/posts"}],"about":[{"href":"https:\/\/elinformante.mx\/index.php?rest_route=\/wp\/v2\/types\/post"}],"author":[{"embeddable":true,"href":"https:\/\/elinformante.mx\/index.php?rest_route=\/wp\/v2\/users\/1"}],"replies":[{"embeddable":true,"href":"https:\/\/elinformante.mx\/index.php?rest_route=%2Fwp%2Fv2%2Fcomments&post=87210"}],"version-history":[{"count":0,"href":"https:\/\/elinformante.mx\/index.php?rest_route=\/wp\/v2\/posts\/87210\/revisions"}],"wp:featuredmedia":[{"embeddable":true,"href":"https:\/\/elinformante.mx\/index.php?rest_route=\/wp\/v2\/media\/87212"}],"wp:attachment":[{"href":"https:\/\/elinformante.mx\/index.php?rest_route=%2Fwp%2Fv2%2Fmedia&parent=87210"}],"wp:term":[{"taxonomy":"category","embeddable":true,"href":"https:\/\/elinformante.mx\/index.php?rest_route=%2Fwp%2Fv2%2Fcategories&post=87210"},{"taxonomy":"post_tag","embeddable":true,"href":"https:\/\/elinformante.mx\/index.php?rest_route=%2Fwp%2Fv2%2Ftags&post=87210"}],"curies":[{"name":"wp","href":"https:\/\/api.w.org\/{rel}","templated":true}]}}