{"id":87218,"date":"2025-07-02T06:59:08","date_gmt":"2025-07-02T12:59:08","guid":{"rendered":"https:\/\/elinformante.mx\/?p=87218"},"modified":"2025-07-02T06:59:21","modified_gmt":"2025-07-02T12:59:21","slug":"fernando-flores-y-la-economia-de-metepec-reciben-el-respaldo-de-empresarios-mexiquenses","status":"publish","type":"post","link":"https:\/\/elinformante.mx\/?p=87218","title":{"rendered":"Fernando Flores y la econom\u00eda de Metepec reciben el respaldo de empresarios mexiquenses"},"content":{"rendered":"\n<figure class=\"wp-block-pullquote\"><blockquote><p>El gobierno de Metepec fortaleci\u00f3 la alianza con el sector productivo en su Segunda Sesi\u00f3n del Consejo Consultivo Econ\u00f3mico<\/p><\/blockquote><\/figure>\n\n\n\n<p class=\"has-drop-cap\">El presidente municipal de Metepec, Fernando Flores Fern\u00e1ndez, recibi\u00f3 el respaldo del sector empresarial hacia las pol\u00edticas econ\u00f3micas que su administraci\u00f3n ha implementado para fortalecer el desarrollo y la competitividad del municipio.<br><\/p>\n\n\n\n<p>Fue durante la Segunda Sesi\u00f3n del Consejo Consultivo para el Desarrollo Econ\u00f3mico de Metepec, que se celebr\u00f3 en San Miguel Totocuitlapilco, donde m\u00e1s de 70 empresarios, representantes de c\u00e1maras, asociaciones y organismos de diversos sectores, adem\u00e1s de emprendedores y acad\u00e9micos, expresaron su compromiso de trabajo conjunto para consolidar el crecimiento econ\u00f3mico de la regi\u00f3n.<br><\/p>\n\n\n\n<figure class=\"wp-block-image size-large\"><img fetchpriority=\"high\" decoding=\"async\" width=\"1024\" height=\"506\" src=\"https:\/\/elinformante.mx\/wp-content\/uploads\/2025\/07\/8METEPEC-3-1024x506.jpg\" alt=\"\" class=\"wp-image-87220\" srcset=\"https:\/\/elinformante.mx\/wp-content\/uploads\/2025\/07\/8METEPEC-3-1024x506.jpg 1024w, https:\/\/elinformante.mx\/wp-content\/uploads\/2025\/07\/8METEPEC-3-300x148.jpg 300w, https:\/\/elinformante.mx\/wp-content\/uploads\/2025\/07\/8METEPEC-3-768x379.jpg 768w, https:\/\/elinformante.mx\/wp-content\/uploads\/2025\/07\/8METEPEC-3.jpg 1140w\" sizes=\"(max-width: 1024px) 100vw, 1024px\" \/><\/figure>\n\n\n\n<p>Flores Fern\u00e1ndez present\u00f3 en este evento el Certificado Empresarial Municipal, un nuevo mecanismo que permitir\u00e1 a los negocios agilizar tr\u00e1mites administrativos de manera eficiente y transparente. La medida fue aplaudida por los asistentes, quienes destacaron que iniciativas como esta contribuyen a facilitar la inversi\u00f3n, generar empleos y fortalecer la econom\u00eda local.<br><\/p>\n\n\n\n<p>Subray\u00f3 que la participaci\u00f3n activa de los empresarios ha sido clave para que, en los \u00faltimos tres a\u00f1os, Metepec registre cifras hist\u00f3ricas de inversi\u00f3n privada, as\u00ed como la creaci\u00f3n de empleos en el municipio.<br><\/p>\n\n\n\n<figure class=\"wp-block-image size-large\"><img decoding=\"async\" width=\"1024\" height=\"506\" src=\"https:\/\/elinformante.mx\/wp-content\/uploads\/2025\/07\/8METEPEC-4-1024x506.jpg\" alt=\"\" class=\"wp-image-87221\" srcset=\"https:\/\/elinformante.mx\/wp-content\/uploads\/2025\/07\/8METEPEC-4-1024x506.jpg 1024w, https:\/\/elinformante.mx\/wp-content\/uploads\/2025\/07\/8METEPEC-4-300x148.jpg 300w, https:\/\/elinformante.mx\/wp-content\/uploads\/2025\/07\/8METEPEC-4-768x379.jpg 768w, https:\/\/elinformante.mx\/wp-content\/uploads\/2025\/07\/8METEPEC-4.jpg 1140w\" sizes=\"(max-width: 1024px) 100vw, 1024px\" \/><\/figure>\n\n\n\n<p>Flores se\u00f1al\u00f3 que el desarrollo de Metepec es resultado del trabajo en equipo entre gobierno y sector productivo. \u201cHoy somos ejemplo de c\u00f3mo la sinergia entre autoridades y empresarios puede traducirse en bienestar y oportunidades para las familias\u201d.<br><\/p>\n\n\n\n<p>Los presidentes de los Consejos de C\u00e1maras y Asociaciones Empresariales, Mauricio Massud Mart\u00ednez, y del Coordinador Empresarial, Germ\u00e1n Jalil Hern\u00e1ndez, coincidieron en reconocer los avances econ\u00f3micos de la actual administraci\u00f3n y ratificaron su apoyo a los programas municipales.<br><\/p>\n\n\n\n<figure class=\"wp-block-image size-large\"><img decoding=\"async\" width=\"1024\" height=\"506\" src=\"https:\/\/elinformante.mx\/wp-content\/uploads\/2025\/07\/8METEPEC-1024x506.jpg\" alt=\"\" class=\"wp-image-87222\" srcset=\"https:\/\/elinformante.mx\/wp-content\/uploads\/2025\/07\/8METEPEC-1024x506.jpg 1024w, https:\/\/elinformante.mx\/wp-content\/uploads\/2025\/07\/8METEPEC-300x148.jpg 300w, https:\/\/elinformante.mx\/wp-content\/uploads\/2025\/07\/8METEPEC-768x379.jpg 768w, https:\/\/elinformante.mx\/wp-content\/uploads\/2025\/07\/8METEPEC.jpg 1140w\" sizes=\"(max-width: 1024px) 100vw, 1024px\" \/><\/figure>\n\n\n\n<p>A la reuni\u00f3n acudieron representantes de asociaciones de sectores como el automotriz, papeler\u00edas, gasolineras, escuelas particulares, floricultura, industria restaurantera, construcci\u00f3n, artes gr\u00e1ficas, alarmas y seguridad, adem\u00e1s de organismos como la COPARMEX, CONCAEM, el Consejo Patronal del Estado de M\u00e9xico, la Uni\u00f3n Social de Empresarios, Club de Leones, la Confederaci\u00f3n de Trabajadores de M\u00e9xico, NAFIN, y colegios de contadores y abogados.<br><\/p>\n\n\n\n<p>Metepec refuerza su apuesta por la colaboraci\u00f3n p\u00fablico-privada como motor para impulsar el liderazgo econ\u00f3mico del municipio en la zona metropolitana.<\/p>\n","protected":false},"excerpt":{"rendered":"<p>El gobierno de Metepec fortaleci\u00f3 la alianza con el sector productivo en su Segunda Sesi\u00f3n del Consejo Consultivo Econ\u00f3mico El presidente municipal de Metepec, Fernando Flores Fern\u00e1ndez, recibi\u00f3 el respaldo del sector empresarial hacia las pol\u00edticas econ\u00f3micas que su administraci\u00f3n ha implementado para fortalecer el desarrollo y la competitividad del municipio. Fue durante la Segunda [&hellip;]<\/p>\n","protected":false},"author":1,"featured_media":87219,"comment_status":"closed","ping_status":"closed","sticky":false,"template":"","format":"standard","meta":{"footnotes":""},"categories":[30,36,31],"tags":[46],"class_list":["post-87218","post","type-post","status-publish","format-standard","has-post-thumbnail","hentry","category-destacado","category-edomex","category-portada","tag-portadaedomex"],"_links":{"self":[{"href":"https:\/\/elinformante.mx\/index.php?rest_route=\/wp\/v2\/posts\/87218","targetHints":{"allow":["GET"]}}],"collection":[{"href":"https:\/\/elinformante.mx\/index.php?rest_route=\/wp\/v2\/posts"}],"about":[{"href":"https:\/\/elinformante.mx\/index.php?rest_route=\/wp\/v2\/types\/post"}],"author":[{"embeddable":true,"href":"https:\/\/elinformante.mx\/index.php?rest_route=\/wp\/v2\/users\/1"}],"replies":[{"embeddable":true,"href":"https:\/\/elinformante.mx\/index.php?rest_route=%2Fwp%2Fv2%2Fcomments&post=87218"}],"version-history":[{"count":0,"href":"https:\/\/elinformante.mx\/index.php?rest_route=\/wp\/v2\/posts\/87218\/revisions"}],"wp:featuredmedia":[{"embeddable":true,"href":"https:\/\/elinformante.mx\/index.php?rest_route=\/wp\/v2\/media\/87219"}],"wp:attachment":[{"href":"https:\/\/elinformante.mx\/index.php?rest_route=%2Fwp%2Fv2%2Fmedia&parent=87218"}],"wp:term":[{"taxonomy":"category","embeddable":true,"href":"https:\/\/elinformante.mx\/index.php?rest_route=%2Fwp%2Fv2%2Fcategories&post=87218"},{"taxonomy":"post_tag","embeddable":true,"href":"https:\/\/elinformante.mx\/index.php?rest_route=%2Fwp%2Fv2%2Ftags&post=87218"}],"curies":[{"name":"wp","href":"https:\/\/api.w.org\/{rel}","templated":true}]}}