{"id":87250,"date":"2025-07-02T07:40:56","date_gmt":"2025-07-02T13:40:56","guid":{"rendered":"https:\/\/elinformante.mx\/?p=87250"},"modified":"2025-07-02T07:41:00","modified_gmt":"2025-07-02T13:41:00","slug":"se-incorporaran-hospitales-y-unidades-medicas-rurales-al-imss-para-beneficiar-a-10-8-millones-de-mexicanos-sheinbaum","status":"publish","type":"post","link":"https:\/\/elinformante.mx\/?p=87250","title":{"rendered":"Se incorporar\u00e1n hospitales y unidades m\u00e9dicas rurales al IMSS para beneficiar a 10.8 millones de mexicanos: Sheinbaum"},"content":{"rendered":"\n<figure class=\"wp-block-pullquote\"><blockquote><p>-Se trata de la incorporaci\u00f3n de 81 hospitales y 2 mil 100 Unidades M\u00e9dicas Rurales de 19 estados, as\u00ed como de 28 mil 130 trabajadoras y trabajadores que ser\u00e1n parte del IMSS<br><\/p><\/blockquote><\/figure>\n\n\n\n<p class=\"has-drop-cap\">Ciudad de M\u00e9xico, 1 de julio de 2025.- La Presidenta de M\u00e9xico, Claudia Sheinbaum Pardo, firm\u00f3 el decreto a trav\u00e9s del cual el programa IMSS Coplamar se integra al Instituto Mexicano del Seguro Social (IMSS), con lo cual, hospitales y unidades m\u00e9dicas rurales ser\u00e1n administrados por esta instituci\u00f3n y otorgar\u00e1n atenci\u00f3n universal, particularmente en comunidades alejadas, con lo cual se beneficiar\u00e1 a 10.8 millones de personas: 8.4 millones sin seguridad social y 2.4 millones derechohabientes del IMSS.<br><\/p>\n\n\n\n<p>\u201cFelicidades a los compa\u00f1eros del IMSS Coplamar, es algo muy importante. El IMSS Coplamar es una forma de atenci\u00f3n de las zonas m\u00e1s apartadas del pa\u00eds que como bien dijo Zo\u00e9 (Robledo, director del IMSS) naci\u00f3 en los setenta, hab\u00eda la posibilidad de que el IMSS Coplamar se integrar\u00e1 al IMSS Bienestar, pero muchos de ellos ya participaban como trabajadores del IMSS, entonces tomamos la decisi\u00f3n de que se fuera al IMSS ordinario. La parte presupuestal la vamos a resolver conjuntamente, entonces muchas gracias por el trabajo que realizan\u201d, puntualiz\u00f3.<br><\/p>\n\n\n\n<p>Resalt\u00f3 que el Gobierno de M\u00e9xico trabaja para que el sistema de salud funcione al 100 por ciento, con convicci\u00f3n, honestidad y persistencia.<br><\/p>\n\n\n\n<p>El director del IMSS, Zo\u00e9 Robledo Aburto, precis\u00f3 que con este decreto se sumar\u00e1n a esta instituci\u00f3n 81 hospitales de Segundo Nivel y m\u00e1s de 2 mil 100 Unidades M\u00e9dicas Rurales (UMR) distribuidas en 19 estados: Baja California, Chihuahua, Coahuila, Durango, Sinaloa, Nayarit, Zacatecas, San Luis Potos\u00ed, Tamaulipas, Hidalgo, Michoac\u00e1n, Guerrero, Estado de M\u00e9xico, Puebla, Oaxaca, Veracruz, Campeche, Yucat\u00e1n y Chiapas.<br><\/p>\n\n\n\n<p>Lo cual representa la integraci\u00f3n de 2730 camas, 93 quir\u00f3fanos, mil 98 consultorios de especialidad particularmente de Pediatr\u00eda, Ginecolog\u00eda, Medicina Interna y Medicina Familiar.<br><\/p>\n\n\n\n<p>Adem\u00e1s, se integrar\u00e1n 28 mil 130 trabajadoras y trabajadores de los cuales: 7854 son m\u00e9dicas y m\u00e9dicos, 2280 param\u00e9dicas y param\u00e9dicos, 9250 enfermeras y enfermeros, 4059 de limpieza y conservaci\u00f3n y 4 mil 687 de acci\u00f3n comunitarias. De esta plantilla laboral cerca de 2 mil personas hablan lenguas ind\u00edgenas, garantizando una atenci\u00f3n adecuada y cercana a las comunidades.<br><\/p>\n\n\n\n<p>Destac\u00f3 que con esta nueva etapa se incorporan tres nuevas especialidades: Trauma y Ortopedia; Otorrinolaringolog\u00eda; y Oftalmolog\u00eda. Explic\u00f3 que, a lo largo de 46 a\u00f1os, el IMSS Coplamar ha crecido y fortalecido su presencia en el pa\u00eds, lo que continuar\u00e1 con esta integraci\u00f3n, ya que adem\u00e1s se contar\u00e1 con la ventaja de tener al IMSS Bienestar en 16 de los 19 en los que se tiene presencia.<br><\/p>\n\n\n\n<p>Al finalizar la conferencia de prensa, la Jefa del Ejecutivo Federal firm\u00f3 el decreto de incorporaci\u00f3n del Programa IMSS Coplamar al R\u00e9gimen Ordinario del IMSS, acompa\u00f1ada de directoras y directores de los hospitales rurales, as\u00ed como coordinadoras y coordinadores de zona.<\/p>\n","protected":false},"excerpt":{"rendered":"<p>-Se trata de la incorporaci\u00f3n de 81 hospitales y 2 mil 100 Unidades M\u00e9dicas Rurales de 19 estados, as\u00ed como de 28 mil 130 trabajadoras y trabajadores que ser\u00e1n parte del IMSS Ciudad de M\u00e9xico, 1 de julio de 2025.- La Presidenta de M\u00e9xico, Claudia Sheinbaum Pardo, firm\u00f3 el decreto a trav\u00e9s del cual el [&hellip;]<\/p>\n","protected":false},"author":1,"featured_media":87251,"comment_status":"closed","ping_status":"closed","sticky":false,"template":"","format":"standard","meta":{"footnotes":""},"categories":[30,34],"tags":[],"class_list":["post-87250","post","type-post","status-publish","format-standard","has-post-thumbnail","hentry","category-destacado","category-nacional"],"_links":{"self":[{"href":"https:\/\/elinformante.mx\/index.php?rest_route=\/wp\/v2\/posts\/87250","targetHints":{"allow":["GET"]}}],"collection":[{"href":"https:\/\/elinformante.mx\/index.php?rest_route=\/wp\/v2\/posts"}],"about":[{"href":"https:\/\/elinformante.mx\/index.php?rest_route=\/wp\/v2\/types\/post"}],"author":[{"embeddable":true,"href":"https:\/\/elinformante.mx\/index.php?rest_route=\/wp\/v2\/users\/1"}],"replies":[{"embeddable":true,"href":"https:\/\/elinformante.mx\/index.php?rest_route=%2Fwp%2Fv2%2Fcomments&post=87250"}],"version-history":[{"count":0,"href":"https:\/\/elinformante.mx\/index.php?rest_route=\/wp\/v2\/posts\/87250\/revisions"}],"wp:featuredmedia":[{"embeddable":true,"href":"https:\/\/elinformante.mx\/index.php?rest_route=\/wp\/v2\/media\/87251"}],"wp:attachment":[{"href":"https:\/\/elinformante.mx\/index.php?rest_route=%2Fwp%2Fv2%2Fmedia&parent=87250"}],"wp:term":[{"taxonomy":"category","embeddable":true,"href":"https:\/\/elinformante.mx\/index.php?rest_route=%2Fwp%2Fv2%2Fcategories&post=87250"},{"taxonomy":"post_tag","embeddable":true,"href":"https:\/\/elinformante.mx\/index.php?rest_route=%2Fwp%2Fv2%2Ftags&post=87250"}],"curies":[{"name":"wp","href":"https:\/\/api.w.org\/{rel}","templated":true}]}}